{"id":117120,"date":"2022-12-20T09:28:05","date_gmt":"2022-12-20T12:28:05","guid":{"rendered":"https:\/\/vinasfm.com\/noticias\/?p=117120"},"modified":"2022-12-21T09:02:33","modified_gmt":"2022-12-21T12:02:33","slug":"mendozaactiva4-funcionarios-llegaran-al-departamento-para-despejar-dudas-sobre-el-programa","status":"publish","type":"post","link":"https:\/\/vinasfm.com\/noticias\/mendozaactiva4-funcionarios-llegaran-al-departamento-para-despejar-dudas-sobre-el-programa\/","title":{"rendered":"#MendozaActiva4, FUNCIONARIOS LLEGAR\u00c1N AL DEPARTAMENTO PARA DESPEJAR DUDAS SOBRE EL PROGRAMA"},"content":{"rendered":"<h4><strong>El programa Mendoza Activa 4, que\u00a0pone foco en las energ\u00edas renovables, la tecnolog\u00eda y el ahorro de agua,\u00a0comenz\u00f3 a regir el pasado 16 de diciembre. El pr\u00f3ximo 21 se llevar\u00e1 a cabo una reuni\u00f3n en el Antonio Lafalla, con el fin de evacuar todas las dudas e inquietudes.\u00a0<\/strong><\/h4>\n<p>En el encuentro estar\u00e1n presente el Delegado de Zona Sur del Ministerio de Econom\u00eda y Energ\u00eda de la Provincia, Edgar Rodr\u00edguez y la\u00a0 Directora de Agricultura de la Provincia, Valentina Navarro Canafoglia, junto al Intendente Walther Marcolini. <em><strong>&#8216;El objetivo es tener m\u00e1s informaci\u00f3n acerca de este programa que ha sido tan exitosos en las ediciones anteriores. Es muy bueno poder convocar a las distintas entidades del medio, cooperativas y particulares para que todos podamos aprovechar estas herramientas&#8217;<\/strong> <\/em>expres\u00f3 Pablo Longo.<\/p>\n<p>La cuarta edici\u00f3n de #MendozaActiva &#8216;<strong><em>tiene por objetivo acelerar la reactivaci\u00f3n de las actividades econ\u00f3micas en la Provincia de Mendoza, que se relacionen con eficiencia energ\u00e9tica, eficiencia de riego y eficiencia h\u00eddrica, y aquellas actividades de sectores relacionados&#8217; <\/em><\/strong>recod\u00f3 Longo y agreg\u00f3 <strong><em>&#8216;es un amplio espectro que abarca distintas actividades econ\u00f3micas. Queremos que entre todos podamos visualizar y entender cuales son los alcances de este programa&#8217;.<\/em><\/strong><\/p>\n<p>&nbsp;<\/p>\n","protected":false},"excerpt":{"rendered":"<p>El programa Mendoza Activa 4, que\u00a0pone foco en las energ\u00edas renovables, la tecnolog\u00eda y el ahorro de agua,\u00a0comenz\u00f3 a regir el &#8230;<\/p>\n","protected":false},"author":7,"featured_media":117121,"comment_status":"open","ping_status":"open","sticky":false,"template":"","format":"standard","meta":{"footnotes":""},"categories":[5,186],"tags":[],"class_list":["post-117120","post","type-post","status-publish","format-standard","has-post-thumbnail","hentry","category-actualidad","category-mendoza-activa"],"_links":{"self":[{"href":"https:\/\/vinasfm.com\/noticias\/wp-json\/wp\/v2\/posts\/117120","targetHints":{"allow":["GET"]}}],"collection":[{"href":"https:\/\/vinasfm.com\/noticias\/wp-json\/wp\/v2\/posts"}],"about":[{"href":"https:\/\/vinasfm.com\/noticias\/wp-json\/wp\/v2\/types\/post"}],"author":[{"embeddable":true,"href":"https:\/\/vinasfm.com\/noticias\/wp-json\/wp\/v2\/users\/7"}],"replies":[{"embeddable":true,"href":"https:\/\/vinasfm.com\/noticias\/wp-json\/wp\/v2\/comments?post=117120"}],"version-history":[{"count":1,"href":"https:\/\/vinasfm.com\/noticias\/wp-json\/wp\/v2\/posts\/117120\/revisions"}],"predecessor-version":[{"id":117122,"href":"https:\/\/vinasfm.com\/noticias\/wp-json\/wp\/v2\/posts\/117120\/revisions\/117122"}],"wp:featuredmedia":[{"embeddable":true,"href":"https:\/\/vinasfm.com\/noticias\/wp-json\/wp\/v2\/media\/117121"}],"wp:attachment":[{"href":"https:\/\/vinasfm.com\/noticias\/wp-json\/wp\/v2\/media?parent=117120"}],"wp:term":[{"taxonomy":"category","embeddable":true,"href":"https:\/\/vinasfm.com\/noticias\/wp-json\/wp\/v2\/categories?post=117120"},{"taxonomy":"post_tag","embeddable":true,"href":"https:\/\/vinasfm.com\/noticias\/wp-json\/wp\/v2\/tags?post=117120"}],"curies":[{"name":"wp","href":"https:\/\/api.w.org\/{rel}","templated":true}]}}