{"id":117079,"date":"2022-12-19T11:02:47","date_gmt":"2022-12-19T14:02:47","guid":{"rendered":"https:\/\/vinasfm.com\/noticias\/?p=117079"},"modified":"2022-12-20T10:40:45","modified_gmt":"2022-12-20T13:40:45","slug":"hoy-arrancaron-las-colonias-de-verano-en-general-alvear","status":"publish","type":"post","link":"https:\/\/vinasfm.com\/noticias\/hoy-arrancaron-las-colonias-de-verano-en-general-alvear\/","title":{"rendered":"COMENZARON LAS COLONIAS DE VERANO EN GENERAL ALVEAR"},"content":{"rendered":"<h4 class=\"news-headline__article-summary\"><strong>Este lunes 19 de diciembre arrancan las colonias de verano en General Alvear. Para tener m\u00e1s comodidades, la comuna ha hecho mejoras en la pileta para recibir a los ni\u00f1os.<\/strong><\/h4>\n<article class=\"article-body article-body--second-paragraph\">El director de Deportes, Jorge P\u00e1ez, se refiri\u00f3 al inicio de las colonias, que tuvo lugar en la ma\u00f1ana de este lunes:<strong><em> \u00bbHemos trabajado mucho en cuanto a log\u00edstica e infraestructura, todos los trabajos se realizaron en conjunto con otras \u00e1reas de la Comuna, tanto en Ciudad como en Bowen y Carmensa. Se realiz\u00f3 un arenado total en la pileta y se pudo cambiar el color, se arreglaron los ba\u00f1os, que estaban da\u00f1ados a causa del vandalismo y hoy est\u00e1n pr\u00e1cticamente nuevo, se arregl\u00f3 el cierre perimetral. Tuvimos un colorido incre\u00edble, con cupos llenos pero con listas de espera, por lo que seguramente vamos a estar llamando a los padres\u00bb.<\/em><\/strong>En total hay unos 1200 ni\u00f1os inscriptos en las colonias de General Alvear. En cuanto a las colonias barriales, se han alquilado tres piletas para que los ni\u00f1os de zonas m\u00e1s alejadas puedan disfrutar: <strong><em>\u00bbAlquilamos una pileta cerca del Barrio La Costa y el Barrio Isla Gorostiague, alquilamos otro complejo cerca del Barrio Mataderos, adonde ir\u00e1n los chicos de Oeste, La Marzolina, Poste de Hierro, Gauchos de G\u00fcemes, y El Toscano; otra pileta la alquilamos cerca del CIC del Barrio Soemga, para los chicos de ese barrio y del Barrio San Carlos\u00bb.<\/em><\/strong> P\u00e1ez record\u00f3 que las colonias son totalmente gratuitas.<\/p>\n<p>Asimismo, Tania Roccasalvo, Asesora de Personas con Discapacidad, se refiri\u00f3 al comienzo de las colonias de discapacidad: <strong><em>\u00bbTenemos 60 personas inscriptas, desde los 4 a\u00f1os hasta los 70, por lo que armamos diferentes grupos, algunos con traslado y otros ls trae la familia\u00bb<\/em><\/strong> indic\u00f3. Algunas de las actividades tienen que ver con la nataci\u00f3n, e incluso actividades de sensibilizaci\u00f3n para trabajar la inclusi\u00f3n:<strong><em> \u00bbVan a haber actividades desde las 09hs hasta las 12:30 hs, de lunes a viernes. Tenemos 12 chicos integrados en la colonia convencional y por eso la idea es llevar adelante actividades de sensibilizaci\u00f3n\u00bb.<\/em><\/strong><\/p>\n<\/article>\n","protected":false},"excerpt":{"rendered":"<p>Este lunes 19 de diciembre arrancan las colonias de verano en General Alvear. Para tener m\u00e1s comodidades, la comuna ha hecho &#8230;<\/p>\n","protected":false},"author":7,"featured_media":117080,"comment_status":"open","ping_status":"open","sticky":false,"template":"","format":"standard","meta":{"footnotes":""},"categories":[5,3],"tags":[],"class_list":["post-117079","post","type-post","status-publish","format-standard","has-post-thumbnail","hentry","category-actualidad","category-deportes"],"_links":{"self":[{"href":"https:\/\/vinasfm.com\/noticias\/wp-json\/wp\/v2\/posts\/117079","targetHints":{"allow":["GET"]}}],"collection":[{"href":"https:\/\/vinasfm.com\/noticias\/wp-json\/wp\/v2\/posts"}],"about":[{"href":"https:\/\/vinasfm.com\/noticias\/wp-json\/wp\/v2\/types\/post"}],"author":[{"embeddable":true,"href":"https:\/\/vinasfm.com\/noticias\/wp-json\/wp\/v2\/users\/7"}],"replies":[{"embeddable":true,"href":"https:\/\/vinasfm.com\/noticias\/wp-json\/wp\/v2\/comments?post=117079"}],"version-history":[{"count":4,"href":"https:\/\/vinasfm.com\/noticias\/wp-json\/wp\/v2\/posts\/117079\/revisions"}],"predecessor-version":[{"id":117134,"href":"https:\/\/vinasfm.com\/noticias\/wp-json\/wp\/v2\/posts\/117079\/revisions\/117134"}],"wp:featuredmedia":[{"embeddable":true,"href":"https:\/\/vinasfm.com\/noticias\/wp-json\/wp\/v2\/media\/117080"}],"wp:attachment":[{"href":"https:\/\/vinasfm.com\/noticias\/wp-json\/wp\/v2\/media?parent=117079"}],"wp:term":[{"taxonomy":"category","embeddable":true,"href":"https:\/\/vinasfm.com\/noticias\/wp-json\/wp\/v2\/categories?post=117079"},{"taxonomy":"post_tag","embeddable":true,"href":"https:\/\/vinasfm.com\/noticias\/wp-json\/wp\/v2\/tags?post=117079"}],"curies":[{"name":"wp","href":"https:\/\/api.w.org\/{rel}","templated":true}]}}