{"id":117068,"date":"2022-12-19T07:56:38","date_gmt":"2022-12-19T10:56:38","guid":{"rendered":"https:\/\/vinasfm.com\/noticias\/?p=117068"},"modified":"2022-12-19T12:22:15","modified_gmt":"2022-12-19T15:22:15","slug":"pronostico-altas-temperaturas-se-esperan-esta-semana-en-general-alvear","status":"publish","type":"post","link":"https:\/\/vinasfm.com\/noticias\/pronostico-altas-temperaturas-se-esperan-esta-semana-en-general-alvear\/","title":{"rendered":"PRON\u00d3STICO: ALTAS TEMPERATURAS SE ESPERAN ESTA SEMANA EN GENERAL ALVEAR"},"content":{"rendered":"<h4><strong>Con gran presencia de tormentas, General Alvear rozar\u00e1 los 34\u00b0C esta semana. El Servicio Meteorol\u00f3gico Nacional emiti\u00f3 alerta amarilla por altas temperaturas y la ocurrencia de tormentas en la zona sur de la provincia.<\/strong><\/h4>\n<p>Para <strong><em>hoy lunes, la m\u00e1xima ser\u00e1 33\u00b0C y la m\u00ednima 15\u00b0C.<\/em><\/strong> Durante la ma\u00f1ana el cielo permanecer\u00e1 nublado y presentar\u00e1 tormentas hacia la tarde-noche.<\/p>\n<p><em><strong>El martes<\/strong><\/em> tendr\u00e1 tormentas aisladas durante toda la jornada, <strong><em>la m\u00e1xima rondar\u00e1 los 33\u00b0C y la m\u00ednima los 22\u00b0C.<\/em><\/strong><\/p>\n<p><em><strong>El mi\u00e9rcoles<\/strong><\/em> ser\u00e1 el d\u00eda m\u00e1s caluroso,<strong><em> la m\u00e1xima llegar\u00e1 a los 34\u00b0C y la m\u00ednima a los 18\u00b0C.<\/em><\/strong> Adem\u00e1s se formar\u00e1n tormentas aisladas hacia la tarde-noche.<\/p>\n<p><strong><em>El jueves la m\u00e1xima ser\u00e1 de 33\u00b0C y la m\u00ednima de 20\u00b0C.<\/em> <\/strong>Presencia de tormentas aisladas en las primeras horas de la jornada, disminuyendo hacia la tarde-noche.<\/p>\n<p><strong>El viernes la m\u00e1xima descender\u00e1 a los 26\u00b0C y la m\u00ednima ser\u00e1 de 26\u00b0C.<\/strong> El cielo estar\u00e1 mayormente nublado durante toda la jornada.<\/p>\n","protected":false},"excerpt":{"rendered":"<p>Con gran presencia de tormentas, General Alvear rozar\u00e1 los 34\u00b0C esta semana. El Servicio Meteorol\u00f3gico Nacional emiti\u00f3 alerta amarilla por altas &#8230;<\/p>\n","protected":false},"author":7,"featured_media":6820,"comment_status":"open","ping_status":"open","sticky":false,"template":"","format":"standard","meta":{"footnotes":""},"categories":[5,36],"tags":[],"class_list":["post-117068","post","type-post","status-publish","format-standard","has-post-thumbnail","hentry","category-actualidad","category-pronostico"],"_links":{"self":[{"href":"https:\/\/vinasfm.com\/noticias\/wp-json\/wp\/v2\/posts\/117068","targetHints":{"allow":["GET"]}}],"collection":[{"href":"https:\/\/vinasfm.com\/noticias\/wp-json\/wp\/v2\/posts"}],"about":[{"href":"https:\/\/vinasfm.com\/noticias\/wp-json\/wp\/v2\/types\/post"}],"author":[{"embeddable":true,"href":"https:\/\/vinasfm.com\/noticias\/wp-json\/wp\/v2\/users\/7"}],"replies":[{"embeddable":true,"href":"https:\/\/vinasfm.com\/noticias\/wp-json\/wp\/v2\/comments?post=117068"}],"version-history":[{"count":2,"href":"https:\/\/vinasfm.com\/noticias\/wp-json\/wp\/v2\/posts\/117068\/revisions"}],"predecessor-version":[{"id":117090,"href":"https:\/\/vinasfm.com\/noticias\/wp-json\/wp\/v2\/posts\/117068\/revisions\/117090"}],"wp:featuredmedia":[{"embeddable":true,"href":"https:\/\/vinasfm.com\/noticias\/wp-json\/wp\/v2\/media\/6820"}],"wp:attachment":[{"href":"https:\/\/vinasfm.com\/noticias\/wp-json\/wp\/v2\/media?parent=117068"}],"wp:term":[{"taxonomy":"category","embeddable":true,"href":"https:\/\/vinasfm.com\/noticias\/wp-json\/wp\/v2\/categories?post=117068"},{"taxonomy":"post_tag","embeddable":true,"href":"https:\/\/vinasfm.com\/noticias\/wp-json\/wp\/v2\/tags?post=117068"}],"curies":[{"name":"wp","href":"https:\/\/api.w.org\/{rel}","templated":true}]}}