{"id":117059,"date":"2022-12-19T09:31:04","date_gmt":"2022-12-19T12:31:04","guid":{"rendered":"https:\/\/vinasfm.com\/noticias\/?p=117059"},"modified":"2022-12-20T08:55:13","modified_gmt":"2022-12-20T11:55:13","slug":"paso-pehuenche-avanzan-las-gestiones-para-conformar-el-complejo-aduanero-del-lado-argentino","status":"publish","type":"post","link":"https:\/\/vinasfm.com\/noticias\/paso-pehuenche-avanzan-las-gestiones-para-conformar-el-complejo-aduanero-del-lado-argentino\/","title":{"rendered":"PASO PEHUENCHE: AVANZAN LAS GESTIONES PARA CONFORMAR EL COMPLEJO ADUANERO DEL LADO ARGENTINO"},"content":{"rendered":"<h4><strong>Infraestructura define los ejes estrat\u00e9gicos del plan de trabajo que permitir\u00e1 acelerar las obras necesarias para instalar un centro de control de frontera. El objetivo es habilitar el transporte para todo tipo de veh\u00edculos en l Paso Pehuenche.<\/strong><\/h4>\n<p>El Gobierno de Mendoza avanza a paso firme para\u00a0<strong>conformar el\u00a0complejo aduanero en el Paso Pehuenche<\/strong>. Esta semana hubo una reuni\u00f3n clave con autoridades del Ministerio del Interior de la Naci\u00f3n, de la FEM, ProMendoza, Aprocam, autoridades chilenas y de empresas de transporte para definir los ejes estrat\u00e9gicos del\u00a0<strong>nuevo Centro Fronterizo que permitir\u00e1 habilitar el transporte para todo tipo de veh\u00edculos.<\/strong><\/p>\n<p>&#8216;<strong><em>El Pehuenche es un paso estrat\u00e9gico para vincular ambos oc\u00e9anos, fundamental tanto para el transporte de carga como para los turistas que elijan esa ruta que<\/em> une Malarg\u00fce con El Maule. En la reuni\u00f3n se trat\u00f3 sobre todo el tema log\u00edstico&#8217;<\/strong>, coment\u00f3 Mario Isgro, ministro de Planificaci\u00f3n e Infraestructura.<\/p>\n<p>Concretamente, en el encuentro se establecieron acciones inmediatas para llevar adelante. Entre ellas, se defini\u00f3 un<strong>\u00a0aumento de la capacidad de circulaci\u00f3n de 20 a 45 veh\u00edculos aproximadamente.<\/strong><\/p>\n<p>Tambi\u00e9n se avanz\u00f3 en el\u00a0<strong>dise\u00f1o de la infraestructura el\u00e9ctrica, sanitaria y administrativa. Esta \u00faltima, contempla nuevas oficinas y un m\u00f3dulo para despachantes de aduana.<\/strong><\/p>\n<p>En cuanto a la infraestructura de servicios, se plante\u00f3 la necesidad de contar con playas de maniobras y asfalto para el sector de camiones, ba\u00f1os para choferes y una estructura de apoyo para esc\u00e1ner y b\u00e1scula.<\/p>\n<p>Todo esto forma parte de un masterplan, que permite detectar las acciones que ser\u00e1n ejecutadas de forma inmediata y a mediano plazo que forman parte del proyecto ejecutivo final.<\/p>\n<p>Esto incluye la ampliaci\u00f3n de tipos de cargas con su respectivo sector de trabajo y el presupuesto que destinar\u00e1 tanto Naci\u00f3n como Provincia para obras.<\/p>\n<p>Algunas de esas obras son terminar el asfalto de ruta 40, la mejora de puentes y pavimento, la extensi\u00f3n de la ruta 188, la limpieza y mantenimiento integrado Argentina \u2013 Chile, el mejoramiento de las instalaciones y servicios de luz, gas y agua potable y la provisi\u00f3n de combustible para grupos electr\u00f3genos.<\/p>\n<p><em><strong>&#8216;Hemos cerrado una agenda de trabajo, con puntos clave en los cuales debemos avanzar desde cada uno de los sectores que participaron&#8217;<\/strong><\/em>, concluy\u00f3 el ministro.<\/p>\n","protected":false},"excerpt":{"rendered":"<p>Infraestructura define los ejes estrat\u00e9gicos del plan de trabajo que permitir\u00e1 acelerar las obras necesarias para instalar un centro de control &#8230;<\/p>\n","protected":false},"author":7,"featured_media":98018,"comment_status":"open","ping_status":"open","sticky":false,"template":"","format":"standard","meta":{"footnotes":""},"categories":[5,10],"tags":[],"class_list":["post-117059","post","type-post","status-publish","format-standard","has-post-thumbnail","hentry","category-actualidad","category-destacadas"],"_links":{"self":[{"href":"https:\/\/vinasfm.com\/noticias\/wp-json\/wp\/v2\/posts\/117059","targetHints":{"allow":["GET"]}}],"collection":[{"href":"https:\/\/vinasfm.com\/noticias\/wp-json\/wp\/v2\/posts"}],"about":[{"href":"https:\/\/vinasfm.com\/noticias\/wp-json\/wp\/v2\/types\/post"}],"author":[{"embeddable":true,"href":"https:\/\/vinasfm.com\/noticias\/wp-json\/wp\/v2\/users\/7"}],"replies":[{"embeddable":true,"href":"https:\/\/vinasfm.com\/noticias\/wp-json\/wp\/v2\/comments?post=117059"}],"version-history":[{"count":1,"href":"https:\/\/vinasfm.com\/noticias\/wp-json\/wp\/v2\/posts\/117059\/revisions"}],"predecessor-version":[{"id":117061,"href":"https:\/\/vinasfm.com\/noticias\/wp-json\/wp\/v2\/posts\/117059\/revisions\/117061"}],"wp:featuredmedia":[{"embeddable":true,"href":"https:\/\/vinasfm.com\/noticias\/wp-json\/wp\/v2\/media\/98018"}],"wp:attachment":[{"href":"https:\/\/vinasfm.com\/noticias\/wp-json\/wp\/v2\/media?parent=117059"}],"wp:term":[{"taxonomy":"category","embeddable":true,"href":"https:\/\/vinasfm.com\/noticias\/wp-json\/wp\/v2\/categories?post=117059"},{"taxonomy":"post_tag","embeddable":true,"href":"https:\/\/vinasfm.com\/noticias\/wp-json\/wp\/v2\/tags?post=117059"}],"curies":[{"name":"wp","href":"https:\/\/api.w.org\/{rel}","templated":true}]}}