{"id":117054,"date":"2022-12-19T09:02:49","date_gmt":"2022-12-19T12:02:49","guid":{"rendered":"https:\/\/vinasfm.com\/noticias\/?p=117054"},"modified":"2022-12-20T08:09:57","modified_gmt":"2022-12-20T11:09:57","slug":"cuentas-publicas-el-dato-alentador-en-mendoza-para-cerrar-el-2022","status":"publish","type":"post","link":"https:\/\/vinasfm.com\/noticias\/cuentas-publicas-el-dato-alentador-en-mendoza-para-cerrar-el-2022\/","title":{"rendered":"CUENTAS P\u00daBLICAS; EL DATO ALENTADOR EN MENDOZA PARA CERRAR EL 2022"},"content":{"rendered":"<h4><strong>A pocas semanas de terminar el 2022, el asesor econ\u00f3mico del\u00a0Consejo Empresario Mendocino\u00a0(CEM),\u00a0Gustavo Rivarola, analiz\u00f3 las\u00a0finanzas p\u00fablicas\u00a0del\u00a0Gobierno\u00a0provincial durante el\u00a0ejercicio fiscal\u00a0de este a\u00f1o\u00a0con los datos p\u00fablicos del mes de septiembre.\u00a0<\/strong><\/h4>\n<p>Con un contexto vol\u00e1til de la econom\u00eda nacional,\u00a0<strong>Rivarola<\/strong> sostuvo que <strong><em>&#8216;desde el<\/em> CEM\u00a0tanto los recursos como los gastos corrientes vienen evolucionando por debajo de la\u00a0inflaci\u00f3n, reflejando un manejo austero de las\u00a0cuentas p\u00fablicas&#8217;.\u00a0 &#8216;Las cuentas fiscales\u00a0hasta el mes de septiembre, \u00faltimo mes que el\u00a0Gobierno\u00a0ha publicado datos oficiales, demuestran un razonable ahorro corriente. Esta cuenta incluye la diferencia entre los ingresos y gastos habituales del\u00a0Estado. En un contexto de alto grado de imprevisibilidad como el actual, creemos que es importante que exista ese nivel de ahorro corriente positivo para tener algunas certezas en t\u00e9rminos de margen de maniobra a futuro&#8217;<\/strong>, apunt\u00f3.<\/p>\n<p>La Gobernaci\u00f3n de\u00a0<strong>Rodolfo Suarez<\/strong>\u00a0no se ha caracterizado por tener una pol\u00edtica fuerte a la hora de llevar adelante la realizaci\u00f3n de la\u00a0<strong>obra p\u00fablica<\/strong>\u00a0provincial. Sin embargo, el asesor del\u00a0<strong>CEM<\/strong> pidi\u00f3 analizar el contexto macro y apoy\u00e1ndose en los n\u00fameros manifest\u00f3 que<em><strong> &#8216;los datos demuestran que\u00a0Mendoza\u00a0ha tenido un\u00a0sub-ejecuci\u00f3n\u00a0de la\u00a0obra p\u00fablica&#8217;.<\/strong><\/em><\/p>\n<p><strong><em>&#8216;Se ha ejecutado por encima del 40% de lo presupuestado. Se hab\u00edan presupuestado alrededor de 18 mil millones de pesos y a septiembre los n\u00fameros muestran 7.500.000.000 de pesos de obra p\u00fablica. Cuando hablo de<\/em> obra p\u00fablica, hago hincapi\u00e9 fundamentalmente en la partida de trabajo p\u00fablico&#8217;<\/strong>, coment\u00f3.<\/p>\n<p>Adem\u00e1s, remarc\u00f3 que <em><strong>&#8216;a Mendoza le ha costado levantar sus niveles despu\u00e9s de la pandemia&#8217;. &#8216;El a\u00f1o pasado tambi\u00e9n hubo subejecuci\u00f3n de obra p\u00fablica y con lo cual, ese es un fen\u00f3meno habitual en las ejecuciones de todos los presupuesto&#8217;<\/strong><\/em>, asegur\u00f3 el asesor econ\u00f3mico del <strong>Consejo Empresario Mendocino.\u00a0<\/strong><\/p>\n<p>Por otra parte, la\u00a0<strong>deuda p\u00fablica<\/strong>\u00a0de\u00a0<strong>Mendoza<\/strong>\u00a0es un tema que todav\u00eda no est\u00e1 resuelto y ha generado una serie de chispazos ideol\u00f3gicos entre los pol\u00edticos de la provincia. Dentro de esas disidencias hay posturas sobre qu\u00e9 mecanismos utilizar para refinanciar la\u00a0<strong>deuda provincial<\/strong>. En este marco, el economista destac\u00f3 que<strong><em> &#8216;Mendoza\u00a0al conseguir por segunda vez un\u00a0super\u00e1vit\u00a0corriente\u00a0y\u00a0operativo, le permitir\u00eda no tener que buscar otros\u00a0mecanismos de endeudamiento\u00a0para poder pagar sus\u00a0cuentas p\u00fablicas&#8217;.\u00a0<\/em><\/strong><\/p>\n<p><strong><em>&#8216;La provincia tendr\u00e1 por segunda vez super\u00e1vit corriente\u00a0y\u00a0super\u00e1vit operativo\u00a0en el presupuesto provincial.\u00a0Por lo cual, le alcanzar\u00eda para pagar las erogaciones de capital. Esto significa que no se necesitar\u00eda recurrir a\u00a0mecanismos de endeudamiento para financiar esa eventual brecha, que en a\u00f1os anteriores, faltaba dinero para cerrar el a\u00f1o&#8217;<\/em><\/strong>, concluy\u00f3.<\/p>\n","protected":false},"excerpt":{"rendered":"<p>A pocas semanas de terminar el 2022, el asesor econ\u00f3mico del\u00a0Consejo Empresario Mendocino\u00a0(CEM),\u00a0Gustavo Rivarola, analiz\u00f3 las\u00a0finanzas p\u00fablicas\u00a0del\u00a0Gobierno\u00a0provincial durante el\u00a0ejercicio fiscal\u00a0de este &#8230;<\/p>\n","protected":false},"author":7,"featured_media":1609,"comment_status":"open","ping_status":"open","sticky":false,"template":"","format":"standard","meta":{"footnotes":""},"categories":[5,10],"tags":[],"class_list":["post-117054","post","type-post","status-publish","format-standard","has-post-thumbnail","hentry","category-actualidad","category-destacadas"],"_links":{"self":[{"href":"https:\/\/vinasfm.com\/noticias\/wp-json\/wp\/v2\/posts\/117054","targetHints":{"allow":["GET"]}}],"collection":[{"href":"https:\/\/vinasfm.com\/noticias\/wp-json\/wp\/v2\/posts"}],"about":[{"href":"https:\/\/vinasfm.com\/noticias\/wp-json\/wp\/v2\/types\/post"}],"author":[{"embeddable":true,"href":"https:\/\/vinasfm.com\/noticias\/wp-json\/wp\/v2\/users\/7"}],"replies":[{"embeddable":true,"href":"https:\/\/vinasfm.com\/noticias\/wp-json\/wp\/v2\/comments?post=117054"}],"version-history":[{"count":1,"href":"https:\/\/vinasfm.com\/noticias\/wp-json\/wp\/v2\/posts\/117054\/revisions"}],"predecessor-version":[{"id":117055,"href":"https:\/\/vinasfm.com\/noticias\/wp-json\/wp\/v2\/posts\/117054\/revisions\/117055"}],"wp:featuredmedia":[{"embeddable":true,"href":"https:\/\/vinasfm.com\/noticias\/wp-json\/wp\/v2\/media\/1609"}],"wp:attachment":[{"href":"https:\/\/vinasfm.com\/noticias\/wp-json\/wp\/v2\/media?parent=117054"}],"wp:term":[{"taxonomy":"category","embeddable":true,"href":"https:\/\/vinasfm.com\/noticias\/wp-json\/wp\/v2\/categories?post=117054"},{"taxonomy":"post_tag","embeddable":true,"href":"https:\/\/vinasfm.com\/noticias\/wp-json\/wp\/v2\/tags?post=117054"}],"curies":[{"name":"wp","href":"https:\/\/api.w.org\/{rel}","templated":true}]}}