{"id":117050,"date":"2022-12-19T08:46:41","date_gmt":"2022-12-19T11:46:41","guid":{"rendered":"https:\/\/vinasfm.com\/noticias\/?p=117050"},"modified":"2022-12-20T08:04:58","modified_gmt":"2022-12-20T11:04:58","slug":"heladas-tardias-mas-de-8000-productores-ya-gestionaron-sus-certificados-provisorios-para-para-tramitar-beneficios-nacionales-y-provinciales","status":"publish","type":"post","link":"https:\/\/vinasfm.com\/noticias\/heladas-tardias-mas-de-8000-productores-ya-gestionaron-sus-certificados-provisorios-para-para-tramitar-beneficios-nacionales-y-provinciales\/","title":{"rendered":"HELADAS TARD\u00cdAS, M\u00c1S DE 8000 PRODUCTORES YA GESTIONARON SUS CERTIFICADOS PROVISORIOS PARA PARA TRAMITAR BENEFICIOS NACIONALES Y PROVINCIALES"},"content":{"rendered":"<h4><strong>D\u00edas atr\u00e1s, se cerr\u00f3 la toma de denuncias por las heladas del 31 de octubre y del 1 de noviembre. Debido a la gran cantidad de denuncias recibidas, se dispuso un cambio excepcional en la modalidad de tasaci\u00f3n, a fin de efectivizar el proceso.<\/strong><\/h4>\n<p><em><strong>&#8216;Una vez que se produjeron las heladas, las autoridades provinciales se mostraron muy preocupadas y nos pidieron que trabajemos con la mayor celeridad posible para darle una respuesta a los productores. Mendoza se destaca por tener un sistema de contenci\u00f3n ante este tipo de contingencias, es uno de los m\u00e1s desarrollados, prolijos y eficientes, pero aun as\u00ed, buscamos la forma de brindar una respuesta m\u00e1s r\u00e1pida. Por este motivo, una vez que se declar\u00f3, a trav\u00e9s del decreto 1975, el estado de emergencia y desastre agropecuario, se estableci\u00f3 la Ley provincial 9434 que autoriz\u00f3 de modo excepcional a hacer tasaciones de forma inmediata, a fin de efectivizar el proceso&#8217; <\/strong><\/em>explic\u00f3 Julio Eluani, director de Contingencias Clim\u00e1ticas.<\/p>\n<p><strong><em>&#8216;Hicimos unas tres mil tasaciones sobre los predios que sufrieron ese desastre clim\u00e1tico, y a partir del 15 de diciembre, se comenzaron a entregar los certificados para que los productores puedan hacer sus gestiones con el fin de obtener los beneficios tanto a nivel provincial como nacional. Es un certificado provisorio que est\u00e1 pensado siempre para proteger al productor, por eso podr\u00e1n peticionar ante la autoridad pertinente la revisi\u00f3n del resultado obtenido. De todas formas, al igual que en cada temporada agr\u00edcola, el equipo de peritos de la Direcci\u00f3n de Contingencias Clim\u00e1ticas efectuar\u00e1 las tasaciones correspondientes&#8217;<\/em><\/strong>, aclar\u00f3.<\/p>\n<p><strong><em>&#8216;Igualmente, estimamos que el m\u00e9todo que utilizamos nos da un porcentaje de seguridad bastante alto, as\u00ed que vamos a poder empezar a darles una respuesta a la mayor\u00eda de los productores&#8217;<\/em><\/strong>, agreg\u00f3.<\/p>\n<p>Despu\u00e9s, detall\u00f3 c\u00f3mo debe hacer el productor para obtener el certificado. <strong><em>&#8216;Se debe dirigir a las delegaciones de Contingencias Clim\u00e1ticas de la provincia, o tramitarlo directamente por la p\u00e1gina web de internet. All\u00ed se puede descargar mediante un link el certificado correspondiente&#8217; <\/em><\/strong>asegur\u00f3 el director de Contingencias Clim\u00e1ticas de la provincia.<\/p>\n<p>Para finalizar, se refiri\u00f3 a lo que se espera para la pr\u00f3xima temporada en relaci\u00f3n a las tormentas y el granizo. <em><strong>&#8216;Parece ser una \u00e9poca m\u00e1s bien seca, y que vamos a tener tormentas con menor frecuencias, pero m\u00e1s severas. Sin embargo, ya es diciembre y no hemos tenido tantas. De todas maneras, trabajamos como siempre con dos aviones de lucha antigranizo en el oasis sur y dos en el oasis norte. Tenemos toda la pirotecnia necesaria, contamos tanto con cartuchos como con bengalas en ambos aeropuertos de la provincia&#8217;<\/strong><\/em>, concluy\u00f3.<\/p>\n","protected":false},"excerpt":{"rendered":"<p>D\u00edas atr\u00e1s, se cerr\u00f3 la toma de denuncias por las heladas del 31 de octubre y del 1 de noviembre. Debido &#8230;<\/p>\n","protected":false},"author":7,"featured_media":109882,"comment_status":"open","ping_status":"open","sticky":false,"template":"","format":"standard","meta":{"footnotes":""},"categories":[5,14],"tags":[],"class_list":["post-117050","post","type-post","status-publish","format-standard","has-post-thumbnail","hentry","category-actualidad","category-agro"],"_links":{"self":[{"href":"https:\/\/vinasfm.com\/noticias\/wp-json\/wp\/v2\/posts\/117050","targetHints":{"allow":["GET"]}}],"collection":[{"href":"https:\/\/vinasfm.com\/noticias\/wp-json\/wp\/v2\/posts"}],"about":[{"href":"https:\/\/vinasfm.com\/noticias\/wp-json\/wp\/v2\/types\/post"}],"author":[{"embeddable":true,"href":"https:\/\/vinasfm.com\/noticias\/wp-json\/wp\/v2\/users\/7"}],"replies":[{"embeddable":true,"href":"https:\/\/vinasfm.com\/noticias\/wp-json\/wp\/v2\/comments?post=117050"}],"version-history":[{"count":2,"href":"https:\/\/vinasfm.com\/noticias\/wp-json\/wp\/v2\/posts\/117050\/revisions"}],"predecessor-version":[{"id":117053,"href":"https:\/\/vinasfm.com\/noticias\/wp-json\/wp\/v2\/posts\/117050\/revisions\/117053"}],"wp:featuredmedia":[{"embeddable":true,"href":"https:\/\/vinasfm.com\/noticias\/wp-json\/wp\/v2\/media\/109882"}],"wp:attachment":[{"href":"https:\/\/vinasfm.com\/noticias\/wp-json\/wp\/v2\/media?parent=117050"}],"wp:term":[{"taxonomy":"category","embeddable":true,"href":"https:\/\/vinasfm.com\/noticias\/wp-json\/wp\/v2\/categories?post=117050"},{"taxonomy":"post_tag","embeddable":true,"href":"https:\/\/vinasfm.com\/noticias\/wp-json\/wp\/v2\/tags?post=117050"}],"curies":[{"name":"wp","href":"https:\/\/api.w.org\/{rel}","templated":true}]}}