{"id":117047,"date":"2022-12-19T08:24:53","date_gmt":"2022-12-19T11:24:53","guid":{"rendered":"https:\/\/vinasfm.com\/noticias\/?p=117047"},"modified":"2022-12-20T08:10:49","modified_gmt":"2022-12-20T11:10:49","slug":"destrozos-y-heridos-tras-los-festejos-por-la-copa","status":"publish","type":"post","link":"https:\/\/vinasfm.com\/noticias\/destrozos-y-heridos-tras-los-festejos-por-la-copa\/","title":{"rendered":"DESTROZOS Y HERIDOS TRAS LOS FESTEJOS POR LA COPA"},"content":{"rendered":"<p><strong>Tras el triunfo de Argentina ante Francia, por la Copa del Mundo, miles de aficionados salieron a las calles para celebrar. Pero entre tantos alegr\u00eda tambi\u00e9n hubo lugar para innumerables destrozos.<\/strong><\/p>\n<p>Con roturas de vidrios y robo de productos varios inadaptados opacaron los festejos.<\/p>\n<p>El drugstore de la estaci\u00f3n de Servicio Centro fue saqueado por un importante grupo de personas que celebraban en el Km 0. Una vez informada la polic\u00eda, llegaron varios m\u00f3viles con m\u00e1s de 20 agentes que trataron de disuadir a los asociales pero, muy por el contrario, comenz\u00f3 all\u00ed una verdadera guerra campal.<\/p>\n<div dir=\"auto\">La polic\u00eda enfrentaba a los inadaptados con balas de goma, de all\u00ed la gran cantidad de disparos que se escucharon por un largo rato; y por el otro lado un grupo numeroso de personas recolectaba piedras y todo tipo de elementos contundentes que sacaban de la obra de remodelaci\u00f3n de la Av. Alvear E.<\/div>\n<div dir=\"auto\"><\/div>\n<div dir=\"auto\">Los disturbios se fueron multiplicando y trasladando hacia el Barrio San Carlos d\u00f3nde en varias de sus calles continuaban los enfrentamientos.<\/div>\n<div dir=\"auto\"><\/div>\n<div dir=\"auto\"><em><strong>En horas posteriores, se registr\u00f3 una cantidad de personas siendo atendidas, alguna de gravedad, en el Hospital Enfermeros Argentinos; entre civiles y agentes de polic\u00edas heridos. Una persona ingreso al Nosocomio con 4 disparos en su pecho dos de los cuales con orificio de salida no aclar\u00e1ndose si fue producto de los enfrentamientos o se produjeron en alguna situaci\u00f3n particular entre barras.<\/strong><\/em><\/div>\n<div dir=\"auto\"><\/div>\n<div dir=\"auto\">Seg\u00fan se inform\u00f3, dos polic\u00edas ingresaron al Hospital, uno de ellos fue diagnosticado con neumotorax, por lo que tuvo que ser operado. El otro polic\u00eda present\u00f3 heridas y permaneci\u00f3 en observaci\u00f3n.<\/div>\n","protected":false},"excerpt":{"rendered":"<p>Tras el triunfo de Argentina ante Francia, por la Copa del Mundo, miles de aficionados salieron a las calles para celebrar. &#8230;<\/p>\n","protected":false},"author":7,"featured_media":117048,"comment_status":"open","ping_status":"open","sticky":false,"template":"","format":"standard","meta":{"footnotes":""},"categories":[5,10],"tags":[],"class_list":["post-117047","post","type-post","status-publish","format-standard","has-post-thumbnail","hentry","category-actualidad","category-destacadas"],"_links":{"self":[{"href":"https:\/\/vinasfm.com\/noticias\/wp-json\/wp\/v2\/posts\/117047","targetHints":{"allow":["GET"]}}],"collection":[{"href":"https:\/\/vinasfm.com\/noticias\/wp-json\/wp\/v2\/posts"}],"about":[{"href":"https:\/\/vinasfm.com\/noticias\/wp-json\/wp\/v2\/types\/post"}],"author":[{"embeddable":true,"href":"https:\/\/vinasfm.com\/noticias\/wp-json\/wp\/v2\/users\/7"}],"replies":[{"embeddable":true,"href":"https:\/\/vinasfm.com\/noticias\/wp-json\/wp\/v2\/comments?post=117047"}],"version-history":[{"count":1,"href":"https:\/\/vinasfm.com\/noticias\/wp-json\/wp\/v2\/posts\/117047\/revisions"}],"predecessor-version":[{"id":117049,"href":"https:\/\/vinasfm.com\/noticias\/wp-json\/wp\/v2\/posts\/117047\/revisions\/117049"}],"wp:featuredmedia":[{"embeddable":true,"href":"https:\/\/vinasfm.com\/noticias\/wp-json\/wp\/v2\/media\/117048"}],"wp:attachment":[{"href":"https:\/\/vinasfm.com\/noticias\/wp-json\/wp\/v2\/media?parent=117047"}],"wp:term":[{"taxonomy":"category","embeddable":true,"href":"https:\/\/vinasfm.com\/noticias\/wp-json\/wp\/v2\/categories?post=117047"},{"taxonomy":"post_tag","embeddable":true,"href":"https:\/\/vinasfm.com\/noticias\/wp-json\/wp\/v2\/tags?post=117047"}],"curies":[{"name":"wp","href":"https:\/\/api.w.org\/{rel}","templated":true}]}}