{"id":117042,"date":"2022-12-17T09:24:10","date_gmt":"2022-12-17T12:24:10","guid":{"rendered":"https:\/\/vinasfm.com\/noticias\/?p=117042"},"modified":"2022-12-19T09:59:27","modified_gmt":"2022-12-19T12:59:27","slug":"alvear-celebro-los-39-anos-de-democracia","status":"publish","type":"post","link":"https:\/\/vinasfm.com\/noticias\/alvear-celebro-los-39-anos-de-democracia\/","title":{"rendered":"ALVEAR CELEBR\u00d3 LOS 39 A\u00d1OS DE DEMOCRACIA"},"content":{"rendered":"<h4><strong>En un convocante acto en conmemoraci\u00f3n de los 39 a\u00f1os de la recuperaci\u00f3n de la Democracia y por los 7 a\u00f1os de gesti\u00f3n, y con cerca de 1000 personas, anoche en el Club Ferrocarril Oeste, el Intendente Walther Marcolini abog\u00f3 por la unidad para defender la democracia y para que Alvear siga en este camino de transformaci\u00f3n. Adem\u00e1s, el Intendente anunci\u00f3 el Proyecto Ejecutivo de la traza definitiva de la Ruta 188 Alvear-Malarg\u00fce, el llamado a licitaci\u00f3n del Campus de Ugacoop y del CDI (Centro de Desarrollo Infantil), y afirm\u00f3 que se avanza en el proyecto para impermeabilizaci\u00f3n de todos los canales primarios y secundarios de riego del Departamento.<\/strong><\/h4>\n<p>Una gran fiesta de la democracia se vivi\u00f3 este viernes por la noche en Ferro Carril Oeste, donde se celebraron los 39 a\u00f1os de la recuperaci\u00f3n de la Democracia y 7 a\u00f1os de gesti\u00f3n. En este sentido el intendente Walther Marcolini expres\u00f3:<em><strong> \u201cEs un cierre de a\u00f1o junto a muchos vecinos, algunos militantes del radicalismo y otros no, eso nos llena de orgullo que nos est\u00e9n acompa\u00f1ando esta noche\u201d<\/strong><\/em>, dijo, y adem\u00e1s se refiri\u00f3 a la unidad conseguida por la UCR: \u201c<strong><em>Hoy venimos a dar un mensaje de unidad, como principal valor para defender la democracia que hemos conseguido. Esto lo construimos en 2015, una clave para que el radicalismo, encabezando una coalici\u00f3n, haya sido gobierno, fue que se haya mantenido la unidad interna, lo que nos permite elevar un mensaje a Mendoza para que nos escuchen de otra manera. En la toma de decisiones el volumen electoral, el volumen de poblaci\u00f3n, tiene un peso sustantivo a la hora de tomar decisiones, y para que nos escuchen es importante tener una voz unida\u201d.<\/em><\/strong><\/p>\n<p><a href=\"https:\/\/vinasfm.com\/noticias\/wp-content\/uploads\/2022\/12\/IMG-20221217-WA0015.jpg\"><img loading=\"lazy\" decoding=\"async\" class=\"alignnone size-full wp-image-117044\" src=\"https:\/\/vinasfm.com\/noticias\/wp-content\/uploads\/2022\/12\/IMG-20221217-WA0015.jpg\" alt=\"\" width=\"1024\" height=\"576\" srcset=\"https:\/\/vinasfm.com\/noticias\/wp-content\/uploads\/2022\/12\/IMG-20221217-WA0015.jpg 1024w, https:\/\/vinasfm.com\/noticias\/wp-content\/uploads\/2022\/12\/IMG-20221217-WA0015-300x169.jpg 300w, https:\/\/vinasfm.com\/noticias\/wp-content\/uploads\/2022\/12\/IMG-20221217-WA0015-768x432.jpg 768w\" sizes=\"auto, (max-width: 1024px) 100vw, 1024px\" \/><\/a><\/p>\n<p>Uno de los mensajes enviados por el Jefe Comunal tuvo que ver con las elecciones 2023, en este sentido asegur\u00f3 que, con la mira puesta en mantener el gobierno, en febrero o marzo se definir\u00e1n los candidatos: <em><strong>\u201cProbablemente haya elecciones PASO, creo que pueden haber aspiraciones leg\u00edtimas pero ser\u00e1 una cuesti\u00f3n ordenada y consensuada con Mendoza\u201d.<\/strong><\/em><\/p>\n<p>Equipo, unidad, continuidad, fueron tres de los pilares de esta noche, que se vivi\u00f3 como una fiesta de la democracia: <strong><em>\u201cCreo que las sociedades progresan cuando hay equipos importantes, homog\u00e9neos, de trabajo, honestos, con una visi\u00f3n compartida y con continuidad de las pol\u00edticas p\u00fablicas. Esto no significa que no se puedan modificar porque las sociedades evolucionan, pero siempre con un objetivo hacia donde ir\u201d.<\/em><\/strong><\/p>\n<p>Durante su discurso, el intendente Walther Marcolini se refiri\u00f3 a los distintos pilares que componen estos a\u00f1os de gesti\u00f3n, como la educaci\u00f3n, la ciencia y la tecnolog\u00eda, y la obra p\u00fablica: <em><strong>\u201cTenemos la obligaci\u00f3n de esforzarnos por nuestros chicos para que no abandonen la escuela, por eso la cultura, la educaci\u00f3n, la ciencia y la tecnolog\u00eda son los ejes centrales de estos 7 a\u00f1os de gesti\u00f3n\u201d<\/strong> <\/em>manifest\u00f3.<\/p>\n<p>A esto se suman nuevos, e importantes anuncios, como el Proyecto Ejecutivo de la traza definitiva de la Ruta 188 Alvear-Malarg\u00fce: <strong><em>\u201cLo va a hacer una consultora, que est\u00e1 firmando el convenio con el Gobierno Provincial, esperemos que en el 2023 est\u00e9 todo el estudio terminado, es un estudio que tiene un costo superior a los 100 millones de pesos, y la obra, dependiendo de que solo involucre la traza original, o si se le agrega desde Las Loicas, hasta Planch\u00f3n Vergara, puede variar entre los 120 y los 200 <\/em><em>millones de d\u00f3lares. Entonces vamos a dejar, l<\/em><em>a gesti\u00f3n del dr Rodolfo Su\u00e1rez y mi gesti\u00f3n, un estudio ejecutivo y una traza definitiva para despu\u00e9s trabajar para hacer la pavimentaci\u00f3n\u201d.<\/em><\/strong><\/p>\n<p>Pero este no fue el \u00fanico anuncio ya que la semana pr\u00f3xima se llama a licitaci\u00f3n la construcci\u00f3n del Campus de Ugacoop, adem\u00e1s ayer, la provincia llam\u00f3 a licitaci\u00f3n el CDI de Ugacoop, esto tambi\u00e9n se da porque el Gobierno Provincial est\u00e1 atento a nuestras necesidades. Tambi\u00e9n el proyecto del Matadero de Ganado Menor; y se concretar\u00e1 una obra hist\u00f3rica con el llamado a licitaci\u00f3n para la impermeabilizaci\u00f3n total de nuestros canales de riego primarios y secundarios. A eso se suma que pr\u00f3ximamente se estar\u00e1n entregando 350 viviendas m\u00e1s:<strong><em> \u201cClaro que se puede gobernar con honestidad y con transparencia al servicio de los vecinos. Venimos a defender la democracia, a nuestros j\u00f3venes les pedimos que redoblen el esfuerzo trabajando o estudiando, pero siempre con compromiso social\u201d<\/em> <\/strong>expres\u00f3 el intendente.<\/p>\n<p><a href=\"https:\/\/vinasfm.com\/noticias\/wp-content\/uploads\/2022\/12\/IMG-20221217-WA0014.jpg\"><img loading=\"lazy\" decoding=\"async\" class=\"alignnone size-full wp-image-117045\" src=\"https:\/\/vinasfm.com\/noticias\/wp-content\/uploads\/2022\/12\/IMG-20221217-WA0014.jpg\" alt=\"\" width=\"1024\" height=\"576\" srcset=\"https:\/\/vinasfm.com\/noticias\/wp-content\/uploads\/2022\/12\/IMG-20221217-WA0014.jpg 1024w, https:\/\/vinasfm.com\/noticias\/wp-content\/uploads\/2022\/12\/IMG-20221217-WA0014-300x169.jpg 300w, https:\/\/vinasfm.com\/noticias\/wp-content\/uploads\/2022\/12\/IMG-20221217-WA0014-768x432.jpg 768w\" sizes=\"auto, (max-width: 1024px) 100vw, 1024px\" \/><\/a><\/p>\n<p>Finalmente, el intendente Walther Marcolini, areng\u00f3 a todos los presentes a trabajar unidos por un Alvear mejor: <em><strong>\u201cNecesitamos ese estado leg\u00edtimo y democr\u00e1tico que debe estar presente y dar soluciones. Un estado que sea justo, no hablo de megaestado ni populismos. Hablo de defender la democracia. Hacen falta mujeres y hombres de coraje para hacerle frente a una gesti\u00f3n que busca mejorar la calidad de vida a los vecinos; y eso somos.<\/strong><\/em><\/p>\n<p><em><strong>Las cosas no suceden por casualidad, es causalidad, primero porque hubo unidad y despu\u00e9s porque hubo planificaci\u00f3n y hay compromiso. Hay que trabajar en esa mirada de largo plazo discutiendo proyectos y agendas program\u00e1ticas.<\/strong><\/em><\/p>\n<p><em><strong>El a\u00f1o pr\u00f3ximo debemos seguir dando a Alvear un Gobierno de Cambia Mendoza encabezado por la UCR. Y a ese<\/strong> <strong>pr\u00f3ximo gobierno le dejaremos una situaci\u00f3n fiscal ordenada y un municipio transparente. Es lo que hay que hacer, pero otros no se pueden parar a decir estas cosas.<\/strong><\/em><\/p>\n<p><strong><em>General Alvear es un departamento extraordinario con un potencial enorme. Por eso los invito a que mediante la unidad, podamos lograr esa continuidad que garantice el \u00e9xito de estas pol\u00edticas p\u00fablicas reconstruyendo este Departamento que ya estamos transformando. En el que en muchos lugares no hab\u00eda nada y hoy hay sue\u00f1os cumplidos y esperanza\u201d<\/em> <\/strong>concluy\u00f3 el Jefe Comunal.<\/p>\n","protected":false},"excerpt":{"rendered":"<p>En un convocante acto en conmemoraci\u00f3n de los 39 a\u00f1os de la recuperaci\u00f3n de la Democracia y por los 7 a\u00f1os &#8230;<\/p>\n","protected":false},"author":7,"featured_media":117043,"comment_status":"open","ping_status":"open","sticky":false,"template":"","format":"standard","meta":{"footnotes":""},"categories":[5,10],"tags":[],"class_list":["post-117042","post","type-post","status-publish","format-standard","has-post-thumbnail","hentry","category-actualidad","category-destacadas"],"_links":{"self":[{"href":"https:\/\/vinasfm.com\/noticias\/wp-json\/wp\/v2\/posts\/117042","targetHints":{"allow":["GET"]}}],"collection":[{"href":"https:\/\/vinasfm.com\/noticias\/wp-json\/wp\/v2\/posts"}],"about":[{"href":"https:\/\/vinasfm.com\/noticias\/wp-json\/wp\/v2\/types\/post"}],"author":[{"embeddable":true,"href":"https:\/\/vinasfm.com\/noticias\/wp-json\/wp\/v2\/users\/7"}],"replies":[{"embeddable":true,"href":"https:\/\/vinasfm.com\/noticias\/wp-json\/wp\/v2\/comments?post=117042"}],"version-history":[{"count":1,"href":"https:\/\/vinasfm.com\/noticias\/wp-json\/wp\/v2\/posts\/117042\/revisions"}],"predecessor-version":[{"id":117046,"href":"https:\/\/vinasfm.com\/noticias\/wp-json\/wp\/v2\/posts\/117042\/revisions\/117046"}],"wp:featuredmedia":[{"embeddable":true,"href":"https:\/\/vinasfm.com\/noticias\/wp-json\/wp\/v2\/media\/117043"}],"wp:attachment":[{"href":"https:\/\/vinasfm.com\/noticias\/wp-json\/wp\/v2\/media?parent=117042"}],"wp:term":[{"taxonomy":"category","embeddable":true,"href":"https:\/\/vinasfm.com\/noticias\/wp-json\/wp\/v2\/categories?post=117042"},{"taxonomy":"post_tag","embeddable":true,"href":"https:\/\/vinasfm.com\/noticias\/wp-json\/wp\/v2\/tags?post=117042"}],"curies":[{"name":"wp","href":"https:\/\/api.w.org\/{rel}","templated":true}]}}