{"id":117030,"date":"2022-12-16T12:12:26","date_gmt":"2022-12-16T15:12:26","guid":{"rendered":"https:\/\/vinasfm.com\/noticias\/?p=117030"},"modified":"2022-12-19T09:31:00","modified_gmt":"2022-12-19T12:31:00","slug":"bono-de-fin-de-ano-una-medida-unilateral-que-desconoce-la-realidad-del-sector-privado","status":"publish","type":"post","link":"https:\/\/vinasfm.com\/noticias\/bono-de-fin-de-ano-una-medida-unilateral-que-desconoce-la-realidad-del-sector-privado\/","title":{"rendered":"BONO DE FIN DE A\u00d1O: UNA MEDIDA UNILATERAL QUE DESCONOCE LA REALIDAD DEL SECTOR PRIVADO"},"content":{"rendered":"<p>Comunicado de las autoridades de la C\u00e1mara de Comercio, Industria, Agricultura y Ganader\u00eda de General Alvear.<\/p>\n<p>Desde la <strong><em>C\u00e1mara de Comercio, Industria, Agricultura y Ganader\u00eda de General Alvear<\/em><\/strong> vemos con suma preocupaci\u00f3n la medida unilateral que adopt\u00f3 el Gobierno Nacional con respecto al pago de un bono de fin de a\u00f1o de $24.000 para los empleados del sector privado.<br \/>\nMedida que, seg\u00fan anunci\u00f3 el Ministerio de Trabajo, debe hacerse efectiva si o si en lo que resta de diciembre, mes en que adem\u00e1s se debe abonar el medio aguinaldo.<br \/>\n<em><strong>No desconocemos la urgente necesidad de una recomposici\u00f3n salarial para los trabajadores en todos los sectores de la econom\u00eda, cuyos ingresos reales se ven afectados de manera constante por la inflaci\u00f3n. <\/strong><\/em><br \/>\n<em><strong>Sin embargo, tambi\u00e9n somos conscientes de la dura realidad que golpea al sector empresario pyme, comercial y de servicios, que enfrenta una coyuntura econ\u00f3mica altamente compleja, que es una v\u00edctima m\u00e1s del efecto inflacionario y a su vez padece el estancamiento en el consumo.<\/strong><\/em><br \/>\nLa medida decretada por el Gobierno Nacional nunca fue consultada y mucho menos consensuada con las entidades que representan al sector y una vez m\u00e1s se aplica con un desconocimiento total de la situaci\u00f3n actual.<br \/>\nAdem\u00e1s, como lo viene se\u00f1alando CAME en sus informes mensuales, las ventas vienen en ca\u00edda libre durante los \u00faltimos meses. Hay rubros con bajas de 2 d\u00edgitos.<br \/>\nEn este contexto, no avizoramos en el corto plazo una recuperaci\u00f3n real en tanto no se implementen medidas que le den certeza a la econom\u00eda y fundamentalmente al sector productivo.<br \/>\n<strong><em>Ante lo expuesto, rechazamos esta disposici\u00f3n del Gobierno Nacional que de hacerse efectiva, dejar\u00eda al sector privado en dificultades para hacerle frente a esta nueva imposici\u00f3n estatal.<\/em><\/strong><\/p>\n","protected":false},"excerpt":{"rendered":"<p>Comunicado de las autoridades de la C\u00e1mara de Comercio, Industria, Agricultura y Ganader\u00eda de General Alvear. Desde la C\u00e1mara de Comercio, &#8230;<\/p>\n","protected":false},"author":7,"featured_media":117031,"comment_status":"open","ping_status":"open","sticky":false,"template":"","format":"standard","meta":{"footnotes":""},"categories":[5,10],"tags":[],"class_list":["post-117030","post","type-post","status-publish","format-standard","has-post-thumbnail","hentry","category-actualidad","category-destacadas"],"_links":{"self":[{"href":"https:\/\/vinasfm.com\/noticias\/wp-json\/wp\/v2\/posts\/117030","targetHints":{"allow":["GET"]}}],"collection":[{"href":"https:\/\/vinasfm.com\/noticias\/wp-json\/wp\/v2\/posts"}],"about":[{"href":"https:\/\/vinasfm.com\/noticias\/wp-json\/wp\/v2\/types\/post"}],"author":[{"embeddable":true,"href":"https:\/\/vinasfm.com\/noticias\/wp-json\/wp\/v2\/users\/7"}],"replies":[{"embeddable":true,"href":"https:\/\/vinasfm.com\/noticias\/wp-json\/wp\/v2\/comments?post=117030"}],"version-history":[{"count":1,"href":"https:\/\/vinasfm.com\/noticias\/wp-json\/wp\/v2\/posts\/117030\/revisions"}],"predecessor-version":[{"id":117033,"href":"https:\/\/vinasfm.com\/noticias\/wp-json\/wp\/v2\/posts\/117030\/revisions\/117033"}],"wp:featuredmedia":[{"embeddable":true,"href":"https:\/\/vinasfm.com\/noticias\/wp-json\/wp\/v2\/media\/117031"}],"wp:attachment":[{"href":"https:\/\/vinasfm.com\/noticias\/wp-json\/wp\/v2\/media?parent=117030"}],"wp:term":[{"taxonomy":"category","embeddable":true,"href":"https:\/\/vinasfm.com\/noticias\/wp-json\/wp\/v2\/categories?post=117030"},{"taxonomy":"post_tag","embeddable":true,"href":"https:\/\/vinasfm.com\/noticias\/wp-json\/wp\/v2\/tags?post=117030"}],"curies":[{"name":"wp","href":"https:\/\/api.w.org\/{rel}","templated":true}]}}