{"id":117013,"date":"2022-12-16T09:32:56","date_gmt":"2022-12-16T12:32:56","guid":{"rendered":"https:\/\/vinasfm.com\/noticias\/?p=117013"},"modified":"2022-12-19T08:48:38","modified_gmt":"2022-12-19T11:48:38","slug":"cerro-amarillo-cuales-son-los-plazos-que-maneja-la-legislatura-para-avanzar-con-el-proyecto","status":"publish","type":"post","link":"https:\/\/vinasfm.com\/noticias\/cerro-amarillo-cuales-son-los-plazos-que-maneja-la-legislatura-para-avanzar-con-el-proyecto\/","title":{"rendered":"CERRO AMARILLO; CU\u00c1LES SON LOS PLAZOS QUE MANEJA LA LEGISLATURA PARA AVANZAR CON EL PROYECTO"},"content":{"rendered":"<h4 class=\"news-headline__article-summary\"><strong>El Senado continuar\u00e1 con el an\u00e1lisis de la ratificaci\u00f3n de la Declaraci\u00f3n de Impacto Ambiental (DIA) en comisiones.<\/strong><\/h4>\n<article class=\"article-body article-body--first-paragraph\" data-td-script-src=\"https:\/\/www.sitioandino.com.ar\/td\/modulos\/encuestas\/js\/function-embeds-min-version-1661266680.js\">El an\u00e1lisis de la ratificaci\u00f3n de la Declaraci\u00f3n de Impacto Ambiental (DIA) del\u00a0proyecto de exploraci\u00f3n de\u00a0<strong>Cerro Amarillo<\/strong>\u00a0contin\u00faa en la Legislatura, y el oficialismo estudia los pasos a seguir para avanzar con la iniciativa.<\/article>\n<article class=\"article-body article-body--second-paragraph\">Durante el \u00faltimo mes, las comisiones de Ambiente y Energ\u00eda del Senado recibieron a funcionarios\/as y especialistas para estudiar los pormenores de la propuesta. Es que la DIA fue realizada antes de 2014 (cuando se debati\u00f3 en la Casa de las Leyes y no lleg\u00f3 a votaci\u00f3n) y hab\u00eda dudas por parte de la oposici\u00f3n sobre su vigencia.<em><strong>\u201cIntegrantes de la Fiscal\u00eda de Estado junto a especialistas de universidades explicaron muy claramente que el proceso de la DIA finaliza cuando es ratificada legislativamente\u201d<\/strong><\/em>, se\u00f1alaron desde el radicalismo.<\/p>\n<article class=\"article-body article-body--second-paragraph\"><em><strong>Asimismo, destacaron que, tras la publicaci\u00f3n del inventario de glaciares en 2018<\/strong><\/em> (uno de los puntos por los que no se hab\u00eda concretado el tratamiento cuatro a\u00f1os antes), <strong><em>no se descubri\u00f3 ninguna masa de hielo en la zona donde se impulsar\u00edan las tareas en Malarg\u00fce.<\/em><\/strong><\/article>\n<article class=\"article-body article-body--third-paragraph\">La semana pr\u00f3xima, en tanto, se recibir\u00e1 a dos profesionales que no pudieron participar del encuentro este mi\u00e9rcoles para mantener el estudio parlamentario del proyecto.El objetivo del oficialismo es lograr el mayor consenso posible en la Legislatura y no imponer su mayor\u00eda ni alg\u00fan acuerdo con solo una parte del peronismo, sino intentar que todo el bloque apoye el proyecto. El antecedente del debate por la reforma de la ley 7722 gener\u00f3 que cualquier proyecto relativo a la miner\u00eda (a pesar de que Cerro Amarillo no colisiona con los preceptos de esa norma) sea tomado con sumo cuidado.<\/p>\n<p>As\u00ed,\u00a0<strong>se espera que las negociaciones contin\u00faen en comisiones hasta fines de este a\u00f1o y el expediente llegue al recinto en la vuelta a la actividad tras el receso del verano.<\/strong><\/p>\n<\/article>\n<\/article>\n","protected":false},"excerpt":{"rendered":"<p>El Senado continuar\u00e1 con el an\u00e1lisis de la ratificaci\u00f3n de la Declaraci\u00f3n de Impacto Ambiental (DIA) en comisiones. El an\u00e1lisis de &#8230;<\/p>\n","protected":false},"author":7,"featured_media":117014,"comment_status":"open","ping_status":"open","sticky":false,"template":"","format":"standard","meta":{"footnotes":""},"categories":[5,10],"tags":[],"class_list":["post-117013","post","type-post","status-publish","format-standard","has-post-thumbnail","hentry","category-actualidad","category-destacadas"],"_links":{"self":[{"href":"https:\/\/vinasfm.com\/noticias\/wp-json\/wp\/v2\/posts\/117013","targetHints":{"allow":["GET"]}}],"collection":[{"href":"https:\/\/vinasfm.com\/noticias\/wp-json\/wp\/v2\/posts"}],"about":[{"href":"https:\/\/vinasfm.com\/noticias\/wp-json\/wp\/v2\/types\/post"}],"author":[{"embeddable":true,"href":"https:\/\/vinasfm.com\/noticias\/wp-json\/wp\/v2\/users\/7"}],"replies":[{"embeddable":true,"href":"https:\/\/vinasfm.com\/noticias\/wp-json\/wp\/v2\/comments?post=117013"}],"version-history":[{"count":2,"href":"https:\/\/vinasfm.com\/noticias\/wp-json\/wp\/v2\/posts\/117013\/revisions"}],"predecessor-version":[{"id":117052,"href":"https:\/\/vinasfm.com\/noticias\/wp-json\/wp\/v2\/posts\/117013\/revisions\/117052"}],"wp:featuredmedia":[{"embeddable":true,"href":"https:\/\/vinasfm.com\/noticias\/wp-json\/wp\/v2\/media\/117014"}],"wp:attachment":[{"href":"https:\/\/vinasfm.com\/noticias\/wp-json\/wp\/v2\/media?parent=117013"}],"wp:term":[{"taxonomy":"category","embeddable":true,"href":"https:\/\/vinasfm.com\/noticias\/wp-json\/wp\/v2\/categories?post=117013"},{"taxonomy":"post_tag","embeddable":true,"href":"https:\/\/vinasfm.com\/noticias\/wp-json\/wp\/v2\/tags?post=117013"}],"curies":[{"name":"wp","href":"https:\/\/api.w.org\/{rel}","templated":true}]}}