{"id":116966,"date":"2022-12-15T09:52:44","date_gmt":"2022-12-15T12:52:44","guid":{"rendered":"https:\/\/vinasfm.com\/noticias\/?p=116966"},"modified":"2022-12-16T09:24:54","modified_gmt":"2022-12-16T12:24:54","slug":"con-muchas-expectativas-general-alvear-prepara-el-lanzamiento-de-la-temporada-turistica-2023","status":"publish","type":"post","link":"https:\/\/vinasfm.com\/noticias\/con-muchas-expectativas-general-alvear-prepara-el-lanzamiento-de-la-temporada-turistica-2023\/","title":{"rendered":"CON MUCHAS EXPECTATIVAS, GENERAL ALVEAR REALIZ\u00d3 EL LANZAMIENTO DE LA TEMPORADA TUR\u00cdSTICA 2023"},"content":{"rendered":"<h4><strong>El evento se realiz\u00f3 en Bodega Fara\u00f3n con una importante participaci\u00f3n de prestadores tur\u00edsticos.\u00a0<\/strong><\/h4>\n<p>La Directora de Turismo, Fabiana Gonz\u00e1les, se mostr\u00f3 feliz y agradecida con la C\u00e1mara de Turismo <strong><em>&#8216;por esta iniciativa para encontrarnos, compartir y pensarnos para esta temporada 2023&#8217;.<\/em><\/strong> Gonz\u00e1les confes\u00f3 que hay <em><strong>&#8216;muchas expectativas como destino tur\u00edstico, hoy somos un lugar muy elegido por los turistas&#8217;.<\/strong> <\/em>Adem\u00e1s destac\u00f3 que <strong><em>&#8216;hay que entender que el turismo es una cadena de valor donde es tan importante qui\u00e9n te recibe en el KM0 hasta qui\u00e9n te atiende en un kiosco&#8217;.\u00a0<\/em><\/strong><\/p>\n<p>En los \u00faltimos a\u00f1os, General Alvear ha logrado obtener turistas de todo el pa\u00eds e incluso extranjeros; los mayores atractivos que ofrece el departamento son los paisajes rurales, la tranquilidad y la calidad de la gente. <em><strong>&#8216;No dejo de recalcar la calidad de la gente, el turista se siente como en casa, marca un v\u00ednculo con el prestador y eso marca la diferencia&#8217;.\u00a0<\/strong><\/em><\/p>\n<p><a href=\"https:\/\/vinasfm.com\/noticias\/wp-content\/uploads\/2022\/12\/IMG-20221215-WA0001.jpg\"><img loading=\"lazy\" decoding=\"async\" class=\" wp-image-116970 aligncenter\" src=\"https:\/\/vinasfm.com\/noticias\/wp-content\/uploads\/2022\/12\/IMG-20221215-WA0001.jpg\" alt=\"\" width=\"474\" height=\"267\" srcset=\"https:\/\/vinasfm.com\/noticias\/wp-content\/uploads\/2022\/12\/IMG-20221215-WA0001.jpg 1280w, https:\/\/vinasfm.com\/noticias\/wp-content\/uploads\/2022\/12\/IMG-20221215-WA0001-300x169.jpg 300w, https:\/\/vinasfm.com\/noticias\/wp-content\/uploads\/2022\/12\/IMG-20221215-WA0001-1024x576.jpg 1024w, https:\/\/vinasfm.com\/noticias\/wp-content\/uploads\/2022\/12\/IMG-20221215-WA0001-768x432.jpg 768w, https:\/\/vinasfm.com\/noticias\/wp-content\/uploads\/2022\/12\/IMG-20221215-WA0001-1140x641.jpg 1140w\" sizes=\"auto, (max-width: 474px) 100vw, 474px\" \/><\/a><\/p>\n<p>Carlos Weiner, Presidente de la C\u00e1mara de Turismo agreg\u00f3<em><strong> &#8216;esto es parte de un trabajo que hemos estado realizando desde las distintas instituciones. El hecho de poder celebrar un a\u00f1o y tener tantas expectativas habla del excelente trabajo que hemos realizado en cada evento en el que estamos presente&#8217;.\u00a0<\/strong><\/em><\/p>\n<p>Alvear est\u00e1 repleto de rincones que enamoran a los turistas, a lo que se agrega la calidez de los prestadores y de los vecinos del departamento, que hacen que la experiencia de los turistas sea por dem\u00e1s agradable. Patricia, una prestadora local, dijo:<em><strong> \u201cEste a\u00f1o fue muy beneficioso, vino gente que vino a visitarnos en temporada baja, por lo que las expectativas son muy buenas. Habitualmente tenemos visitantes de Bs As, pero tambi\u00e9n llegan de otros puntos, incluso del mismo Mendoza\u201d.<\/strong><\/em><\/p>\n","protected":false},"excerpt":{"rendered":"<p>El evento se realiz\u00f3 en Bodega Fara\u00f3n con una importante participaci\u00f3n de prestadores tur\u00edsticos.\u00a0 La Directora de Turismo, Fabiana Gonz\u00e1les, se &#8230;<\/p>\n","protected":false},"author":7,"featured_media":116969,"comment_status":"open","ping_status":"open","sticky":false,"template":"","format":"standard","meta":{"footnotes":""},"categories":[5,21],"tags":[],"class_list":["post-116966","post","type-post","status-publish","format-standard","has-post-thumbnail","hentry","category-actualidad","category-turismo-2"],"_links":{"self":[{"href":"https:\/\/vinasfm.com\/noticias\/wp-json\/wp\/v2\/posts\/116966","targetHints":{"allow":["GET"]}}],"collection":[{"href":"https:\/\/vinasfm.com\/noticias\/wp-json\/wp\/v2\/posts"}],"about":[{"href":"https:\/\/vinasfm.com\/noticias\/wp-json\/wp\/v2\/types\/post"}],"author":[{"embeddable":true,"href":"https:\/\/vinasfm.com\/noticias\/wp-json\/wp\/v2\/users\/7"}],"replies":[{"embeddable":true,"href":"https:\/\/vinasfm.com\/noticias\/wp-json\/wp\/v2\/comments?post=116966"}],"version-history":[{"count":7,"href":"https:\/\/vinasfm.com\/noticias\/wp-json\/wp\/v2\/posts\/116966\/revisions"}],"predecessor-version":[{"id":116988,"href":"https:\/\/vinasfm.com\/noticias\/wp-json\/wp\/v2\/posts\/116966\/revisions\/116988"}],"wp:featuredmedia":[{"embeddable":true,"href":"https:\/\/vinasfm.com\/noticias\/wp-json\/wp\/v2\/media\/116969"}],"wp:attachment":[{"href":"https:\/\/vinasfm.com\/noticias\/wp-json\/wp\/v2\/media?parent=116966"}],"wp:term":[{"taxonomy":"category","embeddable":true,"href":"https:\/\/vinasfm.com\/noticias\/wp-json\/wp\/v2\/categories?post=116966"},{"taxonomy":"post_tag","embeddable":true,"href":"https:\/\/vinasfm.com\/noticias\/wp-json\/wp\/v2\/tags?post=116966"}],"curies":[{"name":"wp","href":"https:\/\/api.w.org\/{rel}","templated":true}]}}