{"id":116937,"date":"2022-12-14T11:31:57","date_gmt":"2022-12-14T14:31:57","guid":{"rendered":"https:\/\/vinasfm.com\/noticias\/?p=116937"},"modified":"2022-12-15T10:25:43","modified_gmt":"2022-12-15T13:25:43","slug":"alerta-por-fuertes-vientos-en-la-provincia","status":"publish","type":"post","link":"https:\/\/vinasfm.com\/noticias\/alerta-por-fuertes-vientos-en-la-provincia\/","title":{"rendered":"ALERTA POR FUERTES VIENTOS EN LA PROVINCIA"},"content":{"rendered":"<p><strong>A partir del medio d\u00eda se espera viento Oeste (VIENTO ZONDA) en Malarg\u00fce y San Rafael. Probabilidad de r\u00e1fagas moderadas e intensas.\u00a0<\/strong><\/p>\n<p><strong>Ingreso de frente frio, provoca desde la tarde condiciones de viento, con r\u00e1fagas intensas afectando inicialmente la zona Sur. Luego durante la tarde-noche, alcanzando zona Este y Gran Mendoza.\u00a0<\/strong><\/p>\n<p><strong>Por la tarde, posibilidad de formaci\u00f3n de tormentas d\u00e9biles en zona Sur, posteriormente en zona Este.<\/strong><\/p>\n","protected":false},"excerpt":{"rendered":"<p>A partir del medio d\u00eda se espera viento Oeste (VIENTO ZONDA) en Malarg\u00fce y San Rafael. Probabilidad de r\u00e1fagas moderadas e &#8230;<\/p>\n","protected":false},"author":7,"featured_media":116939,"comment_status":"open","ping_status":"open","sticky":false,"template":"","format":"standard","meta":{"footnotes":""},"categories":[5,10],"tags":[],"class_list":["post-116937","post","type-post","status-publish","format-standard","has-post-thumbnail","hentry","category-actualidad","category-destacadas"],"_links":{"self":[{"href":"https:\/\/vinasfm.com\/noticias\/wp-json\/wp\/v2\/posts\/116937","targetHints":{"allow":["GET"]}}],"collection":[{"href":"https:\/\/vinasfm.com\/noticias\/wp-json\/wp\/v2\/posts"}],"about":[{"href":"https:\/\/vinasfm.com\/noticias\/wp-json\/wp\/v2\/types\/post"}],"author":[{"embeddable":true,"href":"https:\/\/vinasfm.com\/noticias\/wp-json\/wp\/v2\/users\/7"}],"replies":[{"embeddable":true,"href":"https:\/\/vinasfm.com\/noticias\/wp-json\/wp\/v2\/comments?post=116937"}],"version-history":[{"count":1,"href":"https:\/\/vinasfm.com\/noticias\/wp-json\/wp\/v2\/posts\/116937\/revisions"}],"predecessor-version":[{"id":116940,"href":"https:\/\/vinasfm.com\/noticias\/wp-json\/wp\/v2\/posts\/116937\/revisions\/116940"}],"wp:featuredmedia":[{"embeddable":true,"href":"https:\/\/vinasfm.com\/noticias\/wp-json\/wp\/v2\/media\/116939"}],"wp:attachment":[{"href":"https:\/\/vinasfm.com\/noticias\/wp-json\/wp\/v2\/media?parent=116937"}],"wp:term":[{"taxonomy":"category","embeddable":true,"href":"https:\/\/vinasfm.com\/noticias\/wp-json\/wp\/v2\/categories?post=116937"},{"taxonomy":"post_tag","embeddable":true,"href":"https:\/\/vinasfm.com\/noticias\/wp-json\/wp\/v2\/tags?post=116937"}],"curies":[{"name":"wp","href":"https:\/\/api.w.org\/{rel}","templated":true}]}}