{"id":116924,"date":"2022-12-14T09:21:28","date_gmt":"2022-12-14T12:21:28","guid":{"rendered":"https:\/\/vinasfm.com\/noticias\/?p=116924"},"modified":"2022-12-15T09:53:51","modified_gmt":"2022-12-15T12:53:51","slug":"la-escuela-agricultura-presencio-una-jornada-de-alimentacion-consciente-y-saludable","status":"publish","type":"post","link":"https:\/\/vinasfm.com\/noticias\/la-escuela-agricultura-presencio-una-jornada-de-alimentacion-consciente-y-saludable\/","title":{"rendered":"LA ESCUELA DE AGRICULTURA FUE SEDE DE UNA JORNADA DE ALIMENTACI\u00d3N CONSCIENTE Y SALUDABLE"},"content":{"rendered":"<h4><strong>Ayer por la ma\u00f1ana, en la Escuela de Agricultura, se llev\u00f3 a cabo una jornada saludable organizada por la Facultad de Ciencias Exactas y Naturales de la UNCUYO, el ISCAMEN y el \u00e1rea Municipio Saludable de la Municipalidad de General Alvear.\u00a0<\/strong><\/h4>\n<p>En ese espacio, las nutricionistas Mar\u00eda Bel\u00e9n Baidal y Mar\u00eda Celeste Vilches conversaron acerca de <strong>alimentaci\u00f3n consciente y saludable<\/strong> <strong>orientada al consumo de alimentos naturales.<\/strong> El objetivo de su charla fue la toma de conciencia para establecer un equilibrio en nuestros h\u00e1bitos alimenticios: incorporar, adem\u00e1s de procesados, todo aquello que nos brinda la naturaleza.<\/p>\n<p>Como complemento, M\u00f3nica Giardina, quien pertenece al ISCAMEN, brind\u00f3 a los asistentes todo su conocimiento sobre agroecolog\u00eda. Con explicaciones muy sencillas y ejemplos pr\u00e1cticos, ense\u00f1\u00f3 lo que debe tenerse en cuenta a la hora de crear una huerta, de modo que podamos ingerir frutas y verduras libres de qu\u00edmicos. Adem\u00e1s, insisti\u00f3 en respetar el medio ambiente, para lo cual aconsej\u00f3 repelentes naturales, que no solo cuidan y respetan el suelo sino tambi\u00e9n la producci\u00f3n.<\/p>\n<p>&nbsp;<\/p>\n","protected":false},"excerpt":{"rendered":"<p>Ayer por la ma\u00f1ana, en la Escuela de Agricultura, se llev\u00f3 a cabo una jornada saludable organizada por la Facultad de &#8230;<\/p>\n","protected":false},"author":7,"featured_media":116925,"comment_status":"open","ping_status":"open","sticky":false,"template":"","format":"standard","meta":{"footnotes":""},"categories":[5,10],"tags":[],"class_list":["post-116924","post","type-post","status-publish","format-standard","has-post-thumbnail","hentry","category-actualidad","category-destacadas"],"_links":{"self":[{"href":"https:\/\/vinasfm.com\/noticias\/wp-json\/wp\/v2\/posts\/116924","targetHints":{"allow":["GET"]}}],"collection":[{"href":"https:\/\/vinasfm.com\/noticias\/wp-json\/wp\/v2\/posts"}],"about":[{"href":"https:\/\/vinasfm.com\/noticias\/wp-json\/wp\/v2\/types\/post"}],"author":[{"embeddable":true,"href":"https:\/\/vinasfm.com\/noticias\/wp-json\/wp\/v2\/users\/7"}],"replies":[{"embeddable":true,"href":"https:\/\/vinasfm.com\/noticias\/wp-json\/wp\/v2\/comments?post=116924"}],"version-history":[{"count":3,"href":"https:\/\/vinasfm.com\/noticias\/wp-json\/wp\/v2\/posts\/116924\/revisions"}],"predecessor-version":[{"id":116948,"href":"https:\/\/vinasfm.com\/noticias\/wp-json\/wp\/v2\/posts\/116924\/revisions\/116948"}],"wp:featuredmedia":[{"embeddable":true,"href":"https:\/\/vinasfm.com\/noticias\/wp-json\/wp\/v2\/media\/116925"}],"wp:attachment":[{"href":"https:\/\/vinasfm.com\/noticias\/wp-json\/wp\/v2\/media?parent=116924"}],"wp:term":[{"taxonomy":"category","embeddable":true,"href":"https:\/\/vinasfm.com\/noticias\/wp-json\/wp\/v2\/categories?post=116924"},{"taxonomy":"post_tag","embeddable":true,"href":"https:\/\/vinasfm.com\/noticias\/wp-json\/wp\/v2\/tags?post=116924"}],"curies":[{"name":"wp","href":"https:\/\/api.w.org\/{rel}","templated":true}]}}