{"id":116907,"date":"2022-12-14T08:54:06","date_gmt":"2022-12-14T11:54:06","guid":{"rendered":"https:\/\/vinasfm.com\/noticias\/?p=116907"},"modified":"2022-12-15T09:20:59","modified_gmt":"2022-12-15T12:20:59","slug":"en-valle-de-uno-y-el-oasis-sur-se-estiman-danos-del-70-por-heladas","status":"publish","type":"post","link":"https:\/\/vinasfm.com\/noticias\/en-valle-de-uno-y-el-oasis-sur-se-estiman-danos-del-70-por-heladas\/","title":{"rendered":"EN VALLE DE UCO Y EL OASIS SUR, SE ESTIMAN DA\u00d1OS DEL 70% POR HELADAS"},"content":{"rendered":"<h4><strong>D\u00edas atr\u00e1s se daba a conocer la situaci\u00f3n que han dejado las heladas tard\u00edas en los campos mendocinos, con severos da\u00f1os en el sector vitivin\u00edcola.<\/strong><\/h4>\n<p>En este sentido, productores se\u00f1alan que hace 30 a\u00f1os que no se registra un impacto tan fuerte en la producci\u00f3n a causa de la contingencia clim\u00e1tica, las cuales llegaron a registrar temperaturas de -5 grados bajo cero a fines de octubre y principios de noviembre.<\/p>\n<p>Si bien se estiman perdidas promedios de un 50% en la vendimia mendocina hay sectores fuertemente afectados como el oasis sur.<\/p>\n<p>Por su parte, Jos\u00e9 Zuccardi, de Familia Zuccardi, indic\u00f3 que <em><strong>\u201cen la zona de Valle de Uco y Oasis Sur Mendocino, se estiman da\u00f1os del 70%; aunque hay fincas en las que el da\u00f1o fue de un 100%, perdiendo la totalidad de su producci\u00f3n\u201d.<\/strong><\/em><\/p>\n<p>Estas declaraciones van de la mano con las realizadas por Jorge Rubio, director de la bodega que lleva su nombre en nuestro departamento, y que indic\u00f3 que los vi\u00f1edos sanrafaelinos y alavearenses fueron los m\u00e1s afectados por esta situaci\u00f3n.<\/p>\n<p><em><strong>\u201cDesde 1994 que no se registraban heladas tard\u00edas tan severas como las que afectaron a toda la regi\u00f3n los \u00faltimos d\u00edas de octubre. Para esta \u00e9poca, los vi\u00f1edos ya est\u00e1n brotados y las temperaturas bajo cero provocan estragos sobre las plantas en crecimiento\u201d<\/strong><\/em>, se\u00f1al\u00f3 Rubio.<\/p>\n<p>Bajo este panorama, manifest\u00f3 su preocupaci\u00f3n por que \u00a0<strong><em>\u201ceste fen\u00f3meno representa un impacto que afectar\u00e1 tanto a los productores de uva como a las bodegas elaboradoras\u201d.<\/em><\/strong><\/p>\n","protected":false},"excerpt":{"rendered":"<p>D\u00edas atr\u00e1s se daba a conocer la situaci\u00f3n que han dejado las heladas tard\u00edas en los campos mendocinos, con severos da\u00f1os &#8230;<\/p>\n","protected":false},"author":7,"featured_media":109882,"comment_status":"open","ping_status":"open","sticky":false,"template":"","format":"standard","meta":{"footnotes":""},"categories":[5,10],"tags":[],"class_list":["post-116907","post","type-post","status-publish","format-standard","has-post-thumbnail","hentry","category-actualidad","category-destacadas"],"_links":{"self":[{"href":"https:\/\/vinasfm.com\/noticias\/wp-json\/wp\/v2\/posts\/116907","targetHints":{"allow":["GET"]}}],"collection":[{"href":"https:\/\/vinasfm.com\/noticias\/wp-json\/wp\/v2\/posts"}],"about":[{"href":"https:\/\/vinasfm.com\/noticias\/wp-json\/wp\/v2\/types\/post"}],"author":[{"embeddable":true,"href":"https:\/\/vinasfm.com\/noticias\/wp-json\/wp\/v2\/users\/7"}],"replies":[{"embeddable":true,"href":"https:\/\/vinasfm.com\/noticias\/wp-json\/wp\/v2\/comments?post=116907"}],"version-history":[{"count":2,"href":"https:\/\/vinasfm.com\/noticias\/wp-json\/wp\/v2\/posts\/116907\/revisions"}],"predecessor-version":[{"id":116917,"href":"https:\/\/vinasfm.com\/noticias\/wp-json\/wp\/v2\/posts\/116907\/revisions\/116917"}],"wp:featuredmedia":[{"embeddable":true,"href":"https:\/\/vinasfm.com\/noticias\/wp-json\/wp\/v2\/media\/109882"}],"wp:attachment":[{"href":"https:\/\/vinasfm.com\/noticias\/wp-json\/wp\/v2\/media?parent=116907"}],"wp:term":[{"taxonomy":"category","embeddable":true,"href":"https:\/\/vinasfm.com\/noticias\/wp-json\/wp\/v2\/categories?post=116907"},{"taxonomy":"post_tag","embeddable":true,"href":"https:\/\/vinasfm.com\/noticias\/wp-json\/wp\/v2\/tags?post=116907"}],"curies":[{"name":"wp","href":"https:\/\/api.w.org\/{rel}","templated":true}]}}