{"id":116905,"date":"2022-12-14T08:40:02","date_gmt":"2022-12-14T11:40:02","guid":{"rendered":"https:\/\/vinasfm.com\/noticias\/?p=116905"},"modified":"2022-12-15T08:44:58","modified_gmt":"2022-12-15T11:44:58","slug":"mendoza-activa-malestar-en-productores-del-sur","status":"publish","type":"post","link":"https:\/\/vinasfm.com\/noticias\/mendoza-activa-malestar-en-productores-del-sur\/","title":{"rendered":"MENDOZA ACTIVA: MALESTAR EN PRODUCTORES DEL SUR"},"content":{"rendered":"<h4 class=\"news-headline__article-summary\"><strong>En la reciente aprobaci\u00f3n de la ley del programa Mendoza Activa Eficiencia no aparecen mencionadas las producciones del Sur como la ciruela y el durazno.<\/strong><\/h4>\n<article class=\"article-body article-body--first-paragraph\" data-td-script-src=\"https:\/\/www.sitioandino.com.ar\/td\/modulos\/encuestas\/js\/function-embeds-min-version-1661266718.js\">La ley para la puesta en marcha del\u00a0<strong>Plan Mendoza Activa Eficiencia<\/strong>\u00a0recientemente aprobada por la Legislatura Provincial ha generado malestar en los productores del Sur provincial por un detalle para nada menor.<\/article>\n<article class=\"article-body article-body--second-paragraph\">El programa, seg\u00fan reza el proyecto aprobado, <strong><em>\u201ctendr\u00e1 por objeto acelerar la reactivaci\u00f3n de las actividades econ\u00f3micas en la Provincia de Mendoza, que se relacionen con eficiencia energ\u00e9tica, eficiencia de riego y eficiencia h\u00eddrica, y aquellas actividades de sectores relacionados, priorizando los fondos de una manera equitativa en cada uno de los oasis provinciales, teniendo en cuenta para ello la cantidad de habitantes y las necesidades socioecon\u00f3micas de los Departamentos en el territorio provincial\u201d.<\/em><\/strong>Es interesante esta \u00faltima frase porque, a pesar de su declamaci\u00f3n,\u00a0<strong>en el art\u00edculo 2 del proyecto aparecen espec\u00edficamente determinadas varias actividades pero ninguna de las principales producciones del Sur provincial<\/strong>.<\/p>\n<article class=\"article-body article-body--second-paragraph\">As\u00ed en el apartado de\u00a0<strong>\u201cdesarrollo agr\u00edcola\u201d<\/strong>\u00a0el proyecto reza: <em><strong>\u201cReimplantaci\u00f3n e Implantaci\u00f3n de nuevos montes de nogales, almendros, pistachos, olivos, cerezos y todos aquellos que determine la Autoridad de Aplicaci\u00f3n. Estructuras de apoyo y conducci\u00f3n. Invernaderos. Se incluyen inversiones en forestales, forrajes y horticultura\u201d.<\/strong><\/em><\/article>\n<article class=\"article-body article-body--third-paragraph\"><strong>No aparecen mencionadas espec\u00edficamente las principales producciones del Sur provincial como la ciruela y el durazno<\/strong>, a pesar de los compromisos reiterados de un apoyo constante.Es cierto que el articulado expresa <strong><em>\u201cy todos aquellos que determine la autoridad de aplicaci\u00f3n\u201d<\/em><\/strong>, pero la redacci\u00f3n deja en posici\u00f3n beneficiada a los que aparecen mencionados espec\u00edficamente en la ley y\u00a0<strong>deja librada a la discrecionalidad de los funcionarios o la autoridad de aplicaci\u00f3n el resto de las actividades productivas<\/strong>.<\/p>\n<p>Grupos de productores del Sur provincial consultados por<em>\u00a0Sitio Andino<\/em>\u00a0mostraron su molestia por la redacci\u00f3n confusa de la ley, que parece postergar sus producciones y reclamaron (por lo menos informalmente por ahora) una modificaci\u00f3n a la reglamentaci\u00f3n de la ley para que\u00a0<strong>no queden zonas grises\u00a0<\/strong>en un programa de suma importancia para la reactivaci\u00f3n y sostenimiento de las actividades productivas ese oasis provincial.<\/p>\n<p><strong>Algunos de los legisladores consultados por los productores se comprometieron a intentar encontrar una soluci\u00f3n<\/strong>\u00a0junto con el Ejecutivo en las pr\u00f3ximas horas que termine con la ambig\u00fcedad y\u00a0<strong>lleve certezas a los productores regionales de San Rafael y General Alvear<\/strong>.<\/p>\n<\/article>\n<\/article>\n","protected":false},"excerpt":{"rendered":"<p>En la reciente aprobaci\u00f3n de la ley del programa Mendoza Activa Eficiencia no aparecen mencionadas las producciones del Sur como la &#8230;<\/p>\n","protected":false},"author":7,"featured_media":101464,"comment_status":"open","ping_status":"open","sticky":false,"template":"","format":"standard","meta":{"footnotes":""},"categories":[5,186],"tags":[],"class_list":["post-116905","post","type-post","status-publish","format-standard","has-post-thumbnail","hentry","category-actualidad","category-mendoza-activa"],"_links":{"self":[{"href":"https:\/\/vinasfm.com\/noticias\/wp-json\/wp\/v2\/posts\/116905","targetHints":{"allow":["GET"]}}],"collection":[{"href":"https:\/\/vinasfm.com\/noticias\/wp-json\/wp\/v2\/posts"}],"about":[{"href":"https:\/\/vinasfm.com\/noticias\/wp-json\/wp\/v2\/types\/post"}],"author":[{"embeddable":true,"href":"https:\/\/vinasfm.com\/noticias\/wp-json\/wp\/v2\/users\/7"}],"replies":[{"embeddable":true,"href":"https:\/\/vinasfm.com\/noticias\/wp-json\/wp\/v2\/comments?post=116905"}],"version-history":[{"count":2,"href":"https:\/\/vinasfm.com\/noticias\/wp-json\/wp\/v2\/posts\/116905\/revisions"}],"predecessor-version":[{"id":116951,"href":"https:\/\/vinasfm.com\/noticias\/wp-json\/wp\/v2\/posts\/116905\/revisions\/116951"}],"wp:featuredmedia":[{"embeddable":true,"href":"https:\/\/vinasfm.com\/noticias\/wp-json\/wp\/v2\/media\/101464"}],"wp:attachment":[{"href":"https:\/\/vinasfm.com\/noticias\/wp-json\/wp\/v2\/media?parent=116905"}],"wp:term":[{"taxonomy":"category","embeddable":true,"href":"https:\/\/vinasfm.com\/noticias\/wp-json\/wp\/v2\/categories?post=116905"},{"taxonomy":"post_tag","embeddable":true,"href":"https:\/\/vinasfm.com\/noticias\/wp-json\/wp\/v2\/tags?post=116905"}],"curies":[{"name":"wp","href":"https:\/\/api.w.org\/{rel}","templated":true}]}}