{"id":116687,"date":"2022-12-06T12:21:26","date_gmt":"2022-12-06T15:21:26","guid":{"rendered":"http:\/\/vinasfm.com\/noticias\/?p=116687"},"modified":"2022-12-07T08:43:25","modified_gmt":"2022-12-07T11:43:25","slug":"4-de-diciembre-dia-nacional-del-gaucho","status":"publish","type":"post","link":"https:\/\/vinasfm.com\/noticias\/4-de-diciembre-dia-nacional-del-gaucho\/","title":{"rendered":"6 DE DICIEMBRE; D\u00cdA NACIONAL DEL GAUCHO"},"content":{"rendered":"<h4><strong>El 6 de diciembre se celebra el D\u00eda Nacional del Gaucho en homenaje a la obra de Jos\u00e9 Hern\u00e1ndez, \u201cMart\u00edn Fierro\u201d. El libro se public\u00f3 en 1872 y 1879 se public\u00f3 \u201cLa vuelta de Mart\u00edn Fierro\u201d.<\/strong><\/h4>\n<p>En General Alvear Pocho Barroso es una inminencia gauchesca, qui\u00e9n ha participado en cientos de desfiles y festejos al rededor del pa\u00eds, con comunidades y agrupaciones gauchescas, <strong><em>&#8216;este tiempo los desfiles con caballos han parado, pero siempre buscamos representar al departamento de la mejor manera&#8217;. <\/em><\/strong>Pero estar presente en cada actividad tiene grandes exigencias <strong><em>&#8216;por m\u00e1s que seamos muchos gauchos no nos alcanza hacer todo, pero sabemos que siempre est\u00e1n dispuestos a participar&#8217;.\u00a0<\/em><\/strong><\/p>\n<p>El\u00a0<b>Nacional del Gaucho<\/b>\u00a0se celebra desde 1994, tras haber sido oficializado el 15 de diciembre del a\u00f1o anterior a trav\u00e9s de la ley 24.303. Por otra parte, el Decreto 1096\/96, que integra la ley, establece la creaci\u00f3n de la<b>\u00a0Comisi\u00f3n Nacional del Gaucho<\/b>, bajo la \u00f3rbita de la\u00a0<b>Secretar\u00eda de Cultura de la Naci\u00f3n<\/b>, que tiene como objetivo llevar adelante todos los a\u00f1os actividades para conmemorar la fecha.<\/p>\n<p>D\u00edas como estos buscan conservar las tradiciones aut\u00f3ctonas, <strong><em>&#8216;para m\u00ed es importante que el gaucho tenga una prenda representativa, el gaucho con su buena presencia es respetable igual&#8217;\u00a0<\/em><\/strong>mencion\u00f3 Pocho. Con el avance del tiempo, las mujeres tambi\u00e9n se involucraron en las actividades campestres utilizando la indumentaria \u00abdestinada\u00bb a los hombres, Ponce consider\u00f3 que <strong><em>&#8216;est\u00e1 muy bien, porque de alguna forma hay que defender la tradici\u00f3n&#8217;<\/em><\/strong><\/p>\n<p><strong><em>&#8216;Tenemos que ser unidos y estar los gauchos juntos&#8217;<\/em><\/strong> concluy\u00f3 Pocho Ponce.<\/p>\n<p>&nbsp;<\/p>\n","protected":false},"excerpt":{"rendered":"<p>El 6 de diciembre se celebra el D\u00eda Nacional del Gaucho en homenaje a la obra de Jos\u00e9 Hern\u00e1ndez, \u201cMart\u00edn Fierro\u201d. &#8230;<\/p>\n","protected":false},"author":7,"featured_media":116689,"comment_status":"open","ping_status":"open","sticky":false,"template":"","format":"standard","meta":{"footnotes":""},"categories":[5,11],"tags":[],"class_list":["post-116687","post","type-post","status-publish","format-standard","has-post-thumbnail","hentry","category-actualidad","category-sociales"],"_links":{"self":[{"href":"https:\/\/vinasfm.com\/noticias\/wp-json\/wp\/v2\/posts\/116687","targetHints":{"allow":["GET"]}}],"collection":[{"href":"https:\/\/vinasfm.com\/noticias\/wp-json\/wp\/v2\/posts"}],"about":[{"href":"https:\/\/vinasfm.com\/noticias\/wp-json\/wp\/v2\/types\/post"}],"author":[{"embeddable":true,"href":"https:\/\/vinasfm.com\/noticias\/wp-json\/wp\/v2\/users\/7"}],"replies":[{"embeddable":true,"href":"https:\/\/vinasfm.com\/noticias\/wp-json\/wp\/v2\/comments?post=116687"}],"version-history":[{"count":2,"href":"https:\/\/vinasfm.com\/noticias\/wp-json\/wp\/v2\/posts\/116687\/revisions"}],"predecessor-version":[{"id":116693,"href":"https:\/\/vinasfm.com\/noticias\/wp-json\/wp\/v2\/posts\/116687\/revisions\/116693"}],"wp:featuredmedia":[{"embeddable":true,"href":"https:\/\/vinasfm.com\/noticias\/wp-json\/wp\/v2\/media\/116689"}],"wp:attachment":[{"href":"https:\/\/vinasfm.com\/noticias\/wp-json\/wp\/v2\/media?parent=116687"}],"wp:term":[{"taxonomy":"category","embeddable":true,"href":"https:\/\/vinasfm.com\/noticias\/wp-json\/wp\/v2\/categories?post=116687"},{"taxonomy":"post_tag","embeddable":true,"href":"https:\/\/vinasfm.com\/noticias\/wp-json\/wp\/v2\/tags?post=116687"}],"curies":[{"name":"wp","href":"https:\/\/api.w.org\/{rel}","templated":true}]}}