{"id":116675,"date":"2022-12-07T08:13:35","date_gmt":"2022-12-07T11:13:35","guid":{"rendered":"http:\/\/vinasfm.com\/noticias\/?p=116675"},"modified":"2022-12-08T08:38:01","modified_gmt":"2022-12-08T11:38:01","slug":"los-futuros-vecinos-del-barrio-malvinas-argentinas-iii-recorrieron-las-viviendas","status":"publish","type":"post","link":"https:\/\/vinasfm.com\/noticias\/los-futuros-vecinos-del-barrio-malvinas-argentinas-iii-recorrieron-las-viviendas\/","title":{"rendered":"LOS FUTUROS VECINOS DEL BARRIO MALVINAS ARGENTINAS III RECORRIERON LAS VIVIENDAS"},"content":{"rendered":"<h4><strong>La Gerencia de Seguimiento de Obras y Gerencia de Gesti\u00f3n Social del IPV, el \u00c1rea t\u00e9cnica y social de la Direcci\u00f3n Municipal de Vivienda junto a los 64 pre-adjudicatarios realizaron una visita a la obra del Barrio Malvinas Argentinas III, que se encuentra en ejecuci\u00f3n. En febrero de 2023 est\u00e1 prevista la entrega.<\/strong><\/h4>\n<p><a href=\"http:\/\/vinasfm.com\/noticias\/wp-content\/uploads\/2022\/12\/IMG_9930.jpg\"><img loading=\"lazy\" decoding=\"async\" class=\"wp-image-116677 aligncenter\" src=\"http:\/\/vinasfm.com\/noticias\/wp-content\/uploads\/2022\/12\/IMG_9930.jpg\" alt=\"\" width=\"455\" height=\"256\" srcset=\"https:\/\/vinasfm.com\/noticias\/wp-content\/uploads\/2022\/12\/IMG_9930.jpg 1920w, https:\/\/vinasfm.com\/noticias\/wp-content\/uploads\/2022\/12\/IMG_9930-300x169.jpg 300w, https:\/\/vinasfm.com\/noticias\/wp-content\/uploads\/2022\/12\/IMG_9930-1024x576.jpg 1024w, https:\/\/vinasfm.com\/noticias\/wp-content\/uploads\/2022\/12\/IMG_9930-768x432.jpg 768w, https:\/\/vinasfm.com\/noticias\/wp-content\/uploads\/2022\/12\/IMG_9930-1536x864.jpg 1536w, https:\/\/vinasfm.com\/noticias\/wp-content\/uploads\/2022\/12\/IMG_9930-750x420.jpg 750w, https:\/\/vinasfm.com\/noticias\/wp-content\/uploads\/2022\/12\/IMG_9930-1140x641.jpg 1140w\" sizes=\"auto, (max-width: 455px) 100vw, 455px\" \/><\/a><\/p>\n<p>El Director de Vivienda Fabi\u00e1n Gim\u00e9nez destac\u00f3 la emoci\u00f3n que es estar con los vecinos en el Barrio Malvinas argentinas III recorriendo la obra de 74 viviendas:<strong><em> &#8216;Tenemos un grupo preadjudicado, falta el sorteo y cumplir con la entrega final. Esto permite que el vecino pueda recorrer la futura vivienda, muchos aprovechan para tomar las medidas de las aberturas para avanzar con las rejas. El personal t\u00e9cnico del IPV, explica las caracter\u00edsticas del Programa Mendoza Construye, l\u00ednea 1, y contesta a los vecinos sus consultas durante el recorrido por el Barrio&#8217;.<\/em><\/strong><\/p>\n<p><a href=\"http:\/\/vinasfm.com\/noticias\/wp-content\/uploads\/2022\/12\/IMG_9991.jpg\"><img loading=\"lazy\" decoding=\"async\" class=\"alignnone wp-image-116678\" src=\"http:\/\/vinasfm.com\/noticias\/wp-content\/uploads\/2022\/12\/IMG_9991.jpg\" alt=\"\" width=\"345\" height=\"194\" srcset=\"https:\/\/vinasfm.com\/noticias\/wp-content\/uploads\/2022\/12\/IMG_9991.jpg 1920w, https:\/\/vinasfm.com\/noticias\/wp-content\/uploads\/2022\/12\/IMG_9991-300x169.jpg 300w, https:\/\/vinasfm.com\/noticias\/wp-content\/uploads\/2022\/12\/IMG_9991-1024x576.jpg 1024w, https:\/\/vinasfm.com\/noticias\/wp-content\/uploads\/2022\/12\/IMG_9991-768x432.jpg 768w, https:\/\/vinasfm.com\/noticias\/wp-content\/uploads\/2022\/12\/IMG_9991-1536x864.jpg 1536w, https:\/\/vinasfm.com\/noticias\/wp-content\/uploads\/2022\/12\/IMG_9991-750x420.jpg 750w, https:\/\/vinasfm.com\/noticias\/wp-content\/uploads\/2022\/12\/IMG_9991-1140x641.jpg 1140w\" sizes=\"auto, (max-width: 345px) 100vw, 345px\" \/><\/a> <a href=\"http:\/\/vinasfm.com\/noticias\/wp-content\/uploads\/2022\/12\/IMG_9990.jpg\"><img loading=\"lazy\" decoding=\"async\" class=\"alignnone wp-image-116679\" src=\"http:\/\/vinasfm.com\/noticias\/wp-content\/uploads\/2022\/12\/IMG_9990.jpg\" alt=\"\" width=\"345\" height=\"194\" srcset=\"https:\/\/vinasfm.com\/noticias\/wp-content\/uploads\/2022\/12\/IMG_9990.jpg 1920w, https:\/\/vinasfm.com\/noticias\/wp-content\/uploads\/2022\/12\/IMG_9990-300x169.jpg 300w, https:\/\/vinasfm.com\/noticias\/wp-content\/uploads\/2022\/12\/IMG_9990-1024x576.jpg 1024w, https:\/\/vinasfm.com\/noticias\/wp-content\/uploads\/2022\/12\/IMG_9990-768x432.jpg 768w, https:\/\/vinasfm.com\/noticias\/wp-content\/uploads\/2022\/12\/IMG_9990-1536x864.jpg 1536w, https:\/\/vinasfm.com\/noticias\/wp-content\/uploads\/2022\/12\/IMG_9990-750x420.jpg 750w, https:\/\/vinasfm.com\/noticias\/wp-content\/uploads\/2022\/12\/IMG_9990-1140x641.jpg 1140w\" sizes=\"auto, (max-width: 345px) 100vw, 345px\" \/><\/a><\/p>\n<p>La obra posee un avance superior al 90%, la empresa debi\u00f3 pedir una ampliaci\u00f3n del plazo debido a problemas de importaci\u00f3n de materiales, como poliuretano expandido que utilizan en las puertas, que se excedi\u00f3 entre dos y tres meses solamente.<\/p>\n<p><strong><em>&#8216;El Barrio Malvinas Argentinas III cuenta con 64 preadjudicatarios, en febrero est\u00e1 prevista la entrega de las viviendas. El sorteo de cada unidad se va a coordinar con el IPV, un escribano y en quince d\u00edas se va a notificar a los vecinos&#8217;<\/em><\/strong> dijo Gim\u00e9nez.<\/p>\n<p>Con respecto a la construcci\u00f3n de las viviendas se utiliz\u00f3 el m\u00e9todo \u00b4Cassaforma\u00b4 por lo que tienen dimensiones de aproximadamente 63 m\u00b2 con alero, dos habitaciones, cocina, comedor y ba\u00f1o. Hay cuatro viviendas adaptadas para personas con discapacidad, que son un poco m\u00e1s grandes y est\u00e1n cerca de los 73 m\u00b2. La particularidad de las viviendas del barrio es su sustentabilidad clim\u00e1tica, una tendencia que busca que se aprovechen al m\u00e1ximo los recursos disponibles para reducir el consumo energ\u00e9tico. Este tipo de casas respetan el medio ambiente y contribuyen a la reducci\u00f3n en las facturas dom\u00e9sticas de los vecinos, tanto en invierno como en verano. Las edificaciones tienen una serie de ventanales de doble vidrio que van orientadas hacia el Norte, lo cual hace que tomen la luminosidad solar la mayor parte del a\u00f1o y, por lo tanto, haya un ahorro energ\u00e9tico. Adem\u00e1s, se ha buscado eliminar el adobe y el material que se utiliza tambi\u00e9n tiene ventajas t\u00e9rmicas.<\/p>\n<p><a href=\"http:\/\/vinasfm.com\/noticias\/wp-content\/uploads\/2022\/12\/MG_9934.jpg\"><img loading=\"lazy\" decoding=\"async\" class=\"alignnone wp-image-116680\" src=\"http:\/\/vinasfm.com\/noticias\/wp-content\/uploads\/2022\/12\/MG_9934.jpg\" alt=\"\" width=\"345\" height=\"194\" srcset=\"https:\/\/vinasfm.com\/noticias\/wp-content\/uploads\/2022\/12\/MG_9934.jpg 1920w, https:\/\/vinasfm.com\/noticias\/wp-content\/uploads\/2022\/12\/MG_9934-300x169.jpg 300w, https:\/\/vinasfm.com\/noticias\/wp-content\/uploads\/2022\/12\/MG_9934-1024x576.jpg 1024w, https:\/\/vinasfm.com\/noticias\/wp-content\/uploads\/2022\/12\/MG_9934-768x432.jpg 768w, https:\/\/vinasfm.com\/noticias\/wp-content\/uploads\/2022\/12\/MG_9934-1536x864.jpg 1536w, https:\/\/vinasfm.com\/noticias\/wp-content\/uploads\/2022\/12\/MG_9934-750x420.jpg 750w, https:\/\/vinasfm.com\/noticias\/wp-content\/uploads\/2022\/12\/MG_9934-1140x641.jpg 1140w\" sizes=\"auto, (max-width: 345px) 100vw, 345px\" \/><\/a> <a href=\"http:\/\/vinasfm.com\/noticias\/wp-content\/uploads\/2022\/12\/MG_0013.jpg\"><img loading=\"lazy\" decoding=\"async\" class=\"alignnone wp-image-116681\" src=\"http:\/\/vinasfm.com\/noticias\/wp-content\/uploads\/2022\/12\/MG_0013.jpg\" alt=\"\" width=\"344\" height=\"194\" srcset=\"https:\/\/vinasfm.com\/noticias\/wp-content\/uploads\/2022\/12\/MG_0013.jpg 1920w, https:\/\/vinasfm.com\/noticias\/wp-content\/uploads\/2022\/12\/MG_0013-300x169.jpg 300w, https:\/\/vinasfm.com\/noticias\/wp-content\/uploads\/2022\/12\/MG_0013-1024x576.jpg 1024w, https:\/\/vinasfm.com\/noticias\/wp-content\/uploads\/2022\/12\/MG_0013-768x432.jpg 768w, https:\/\/vinasfm.com\/noticias\/wp-content\/uploads\/2022\/12\/MG_0013-1536x864.jpg 1536w, https:\/\/vinasfm.com\/noticias\/wp-content\/uploads\/2022\/12\/MG_0013-750x420.jpg 750w, https:\/\/vinasfm.com\/noticias\/wp-content\/uploads\/2022\/12\/MG_0013-1140x641.jpg 1140w\" sizes=\"auto, (max-width: 344px) 100vw, 344px\" \/><\/a><\/p>\n<p>La Presidenta de la Uni\u00f3n vecinal del Barrio Malvinas Argentinas, Paola Ordo\u00f1ez expres\u00f3:<strong><em> &#8216;Estamos en un momento de los m\u00e1s esperados por los vecinos despu\u00e9s de doce a\u00f1os de tratar de llegar a la vivienda propia, recorrimos las viviendas que son tan hermosas. Fue dif\u00edcil, pero es muy emotivo y gratificante para esta entidad ir por el tercer barrio, despu\u00e9s de tantas rifas, sorteos, shows, venta de comida, para recaudar fondos, quiero agradecer a los intendentes, al Director de Vivienda, a los trabajadores sociales y a la gente de General Alvear que nos ayud\u00f3&#8217;.<\/em> <\/strong>Por su parte, Claudia Guevara, Secretaria y futura vecina dijo:<strong><em> &#8216;hace muchos a\u00f1os que estamos en esto, en 2010 se arranc\u00f3 y se ha trabajado mucho, como pre adjudicataria tengo muchas ganas de vivir en la casa y de dej\u00e1rsela luego a mi hijo. Aguardamos el d\u00eda del sorteo de las viviendas como esper\u00e1bamos el d\u00eda de hoy de poder visitar la obra, al igual que el d\u00eda de la entrega. Estoy muy conforme con el Programa Mendoza Construye, es muy linda la casa&#8217;<\/em><\/strong><\/p>\n","protected":false},"excerpt":{"rendered":"<p>La Gerencia de Seguimiento de Obras y Gerencia de Gesti\u00f3n Social del IPV, el \u00c1rea t\u00e9cnica y social de la Direcci\u00f3n &#8230;<\/p>\n","protected":false},"author":7,"featured_media":116676,"comment_status":"open","ping_status":"open","sticky":false,"template":"","format":"standard","meta":{"footnotes":""},"categories":[5,29],"tags":[],"class_list":["post-116675","post","type-post","status-publish","format-standard","has-post-thumbnail","hentry","category-actualidad","category-obras-y-servicios"],"_links":{"self":[{"href":"https:\/\/vinasfm.com\/noticias\/wp-json\/wp\/v2\/posts\/116675","targetHints":{"allow":["GET"]}}],"collection":[{"href":"https:\/\/vinasfm.com\/noticias\/wp-json\/wp\/v2\/posts"}],"about":[{"href":"https:\/\/vinasfm.com\/noticias\/wp-json\/wp\/v2\/types\/post"}],"author":[{"embeddable":true,"href":"https:\/\/vinasfm.com\/noticias\/wp-json\/wp\/v2\/users\/7"}],"replies":[{"embeddable":true,"href":"https:\/\/vinasfm.com\/noticias\/wp-json\/wp\/v2\/comments?post=116675"}],"version-history":[{"count":1,"href":"https:\/\/vinasfm.com\/noticias\/wp-json\/wp\/v2\/posts\/116675\/revisions"}],"predecessor-version":[{"id":116683,"href":"https:\/\/vinasfm.com\/noticias\/wp-json\/wp\/v2\/posts\/116675\/revisions\/116683"}],"wp:featuredmedia":[{"embeddable":true,"href":"https:\/\/vinasfm.com\/noticias\/wp-json\/wp\/v2\/media\/116676"}],"wp:attachment":[{"href":"https:\/\/vinasfm.com\/noticias\/wp-json\/wp\/v2\/media?parent=116675"}],"wp:term":[{"taxonomy":"category","embeddable":true,"href":"https:\/\/vinasfm.com\/noticias\/wp-json\/wp\/v2\/categories?post=116675"},{"taxonomy":"post_tag","embeddable":true,"href":"https:\/\/vinasfm.com\/noticias\/wp-json\/wp\/v2\/tags?post=116675"}],"curies":[{"name":"wp","href":"https:\/\/api.w.org\/{rel}","templated":true}]}}