{"id":116663,"date":"2022-12-06T22:38:11","date_gmt":"2022-12-07T01:38:11","guid":{"rendered":"http:\/\/vinasfm.com\/noticias\/?p=116663"},"modified":"2022-12-06T22:38:11","modified_gmt":"2022-12-07T01:38:11","slug":"jaime-sanchez-dio-a-conocer-su-renuncia-a-la-comision-del-festival-de-la-ciruela","status":"publish","type":"post","link":"https:\/\/vinasfm.com\/noticias\/jaime-sanchez-dio-a-conocer-su-renuncia-a-la-comision-del-festival-de-la-ciruela\/","title":{"rendered":"JAIME SANCHEZ DIO A CONOCER SU RENUNCIA A LA COMISI\u00d3N DEL FESTIVAL DE LA CIRUELA"},"content":{"rendered":"<h4>El \u00faltimo fin de semana de noviembre, en el Predio de la Ciruela, se llev\u00f3 a cabo con \u00e9xito la jineteada pre festival; sin embargo, posterior a la jornada Jaime S\u00e1nchez dio a conocer su renuncia a la comisi\u00f3n organizadora.<\/h4>\n<p><em><strong>&#8216;Hicimos el pre festival, en ese sentido estoy contento porque sali\u00f3 todo muy bien&#8217;<\/strong><\/em> expres\u00f3 S\u00e1nchez, el objetivo del encuentro era solventar los gasto para la fiesta del pr\u00f3ximo a\u00f1o. &#8216;<strong><em>Si bien salimos bien con las cuentas, no fue lo que se esperaba&#8217;<\/em><\/strong> declar\u00f3 en el aire de F.M VI\u00d1AS.<\/p>\n<p><strong><em>&#8216;Yo estoy hace 5 a\u00f1os y considero que la situaci\u00f3n econ\u00f3mica no es la adecuada para hacer un festival de este tipo&#8217;.<\/em><\/strong> Jaime aclar\u00f3 que la organizaci\u00f3n<strong><em> &#8216;no est\u00e1 solventados por ning\u00fan ente pol\u00edtico, todo es por la colaboraci\u00f3n y ayuda del pueblo&#8217;.<\/em><\/strong> Desde su origen, la participaci\u00f3n del p\u00fablico a los espect\u00e1culos es gratuito y as\u00ed lo sigue siendo,<strong><em> &#8216;Yo entr\u00e9 con las condiciones que indicaban que siempre deb\u00eda ser gratuito, lo cual respeto, pero no veo forma de solventar los gastos, ese el motivo de mi renuncia&#8217;. <\/em><\/strong><\/p>\n<p>S\u00e1nchez afirma:<em><strong> &#8216;no tengo ninguna queja ni reproche a la gente&#8217;<\/strong> <\/em>y agradeci\u00f3 a quienes a\u00f1o a a\u00f1o aportaron para poder realizar el Festival Nacional de la Ciruela. <strong><em>&#8216;Estoy muy agradecido, pero se agotaron las ideas y los \u00e1nimos, por eso tomo esta decisi\u00f3n&#8217;.<\/em><\/strong>\u00a0 La renuncia se dio a conocer el viernes 2 de diciembre.<\/p>\n<p>Finalmente, dio \u00e1nimos y el visto bueno a quienes continuar\u00e1n con la instituci\u00f3n y comisi\u00f3n,<strong><em> &#8216;hay que cambiar los \u00e1nimos, el fuego debe empezar&#8217;.<\/em><\/strong><\/p>\n","protected":false},"excerpt":{"rendered":"<p>El \u00faltimo fin de semana de noviembre, en el Predio de la Ciruela, se llev\u00f3 a cabo con \u00e9xito la jineteada &#8230;<\/p>\n","protected":false},"author":7,"featured_media":46563,"comment_status":"open","ping_status":"open","sticky":false,"template":"","format":"standard","meta":{"footnotes":""},"categories":[5,10],"tags":[],"class_list":["post-116663","post","type-post","status-publish","format-standard","has-post-thumbnail","hentry","category-actualidad","category-destacadas"],"_links":{"self":[{"href":"https:\/\/vinasfm.com\/noticias\/wp-json\/wp\/v2\/posts\/116663","targetHints":{"allow":["GET"]}}],"collection":[{"href":"https:\/\/vinasfm.com\/noticias\/wp-json\/wp\/v2\/posts"}],"about":[{"href":"https:\/\/vinasfm.com\/noticias\/wp-json\/wp\/v2\/types\/post"}],"author":[{"embeddable":true,"href":"https:\/\/vinasfm.com\/noticias\/wp-json\/wp\/v2\/users\/7"}],"replies":[{"embeddable":true,"href":"https:\/\/vinasfm.com\/noticias\/wp-json\/wp\/v2\/comments?post=116663"}],"version-history":[{"count":1,"href":"https:\/\/vinasfm.com\/noticias\/wp-json\/wp\/v2\/posts\/116663\/revisions"}],"predecessor-version":[{"id":116664,"href":"https:\/\/vinasfm.com\/noticias\/wp-json\/wp\/v2\/posts\/116663\/revisions\/116664"}],"wp:featuredmedia":[{"embeddable":true,"href":"https:\/\/vinasfm.com\/noticias\/wp-json\/wp\/v2\/media\/46563"}],"wp:attachment":[{"href":"https:\/\/vinasfm.com\/noticias\/wp-json\/wp\/v2\/media?parent=116663"}],"wp:term":[{"taxonomy":"category","embeddable":true,"href":"https:\/\/vinasfm.com\/noticias\/wp-json\/wp\/v2\/categories?post=116663"},{"taxonomy":"post_tag","embeddable":true,"href":"https:\/\/vinasfm.com\/noticias\/wp-json\/wp\/v2\/tags?post=116663"}],"curies":[{"name":"wp","href":"https:\/\/api.w.org\/{rel}","templated":true}]}}