{"id":116661,"date":"2022-12-06T11:58:01","date_gmt":"2022-12-06T14:58:01","guid":{"rendered":"http:\/\/vinasfm.com\/noticias\/?p=116661"},"modified":"2022-12-06T11:58:01","modified_gmt":"2022-12-06T14:58:01","slug":"recomiendan-la-aplicacion-del-tercer-refuerzo-ante-el-aumento-casos-de-covid","status":"publish","type":"post","link":"https:\/\/vinasfm.com\/noticias\/recomiendan-la-aplicacion-del-tercer-refuerzo-ante-el-aumento-casos-de-covid\/","title":{"rendered":"RECOMIENDAN LA APLICACI\u00d3N DEL TERCER REFUERZO ANTE EL AUMENTO CASOS DE COVID"},"content":{"rendered":"<h4><strong>Tambi\u00e9n se indica continuar con las medidas prevenci\u00f3n, como lavado frecuente de manos, ventilaci\u00f3n cruzada y uso de barbijo en personas de alto riesgo en lugares cerrados.<\/strong><\/h4>\n<p>La ministra de Salud, Desarrollo Social y Deportes, Ana Mar\u00eda Nadal, durante el\u00a0 acto de designaci\u00f3n de Fabi\u00e1n Gonzalo Mora como director ejecutivo del Hospital Teodoro J. Schestakow, y de Gabriela Lafi como subdirectora asistencial, dio declaraciones sobre enfermedades respiratorias, especialmente en lo referente al aumento de casos de COVID.<\/p>\n<p>En relaci\u00f3n con el aumento de casos de COVID, no es para preocuparse, s\u00ed para ocuparse del tema. Est\u00e1 sucediendo lo previsible: siempre dijimos que una vez transcurridos los picos de la pandemia, iban a bajar los casos de COVID-19 e iban a resurgir otros virus respiratorios, como pas\u00f3 este a\u00f1o, que hubo mucha influenza A y B. Ahora est\u00e1 bajando la gripe y subiendo los casos de COVID. Estamos asistiendo a un aumento que no tiene que ver con la estacionalidad, ya hemos tenido aumentos en pleno enero.<\/p>\n<p><strong><em>\u201cPero no es un aumento que en n\u00fameros absolutos genere estr\u00e9s en el sistema de Salud, con lo cual lo vamos observando y estudiando cu\u00e1l es la variante que circula en la provincia, que es la omicr\u00f3n, actualmente,\u00a0 y realizando la vigilancia epidemiol\u00f3gica. Pero s\u00ed recomendamos realizar los refuerzos de vacunas y las medidas de prevenci\u00f3n profil\u00e1cticas\u201d.<\/em><\/strong><\/p>\n<p>Entre ellas, la titular de Salud destac\u00f3 el lavado frecuente de manos, ventilaci\u00f3n cruzada. Si se est\u00e1 con sintomatolog\u00eda respiratoria, no asistir a lugares p\u00fablicos, colocarse el barbijo especialmente los grupos de mucho riesgo en lugares cerrados con mucha circulaci\u00f3n.<\/p>\n<p><strong><em>\u201cEl uso del barbijo en esta etapa se recomienda en personas pertenecientes a los grupos de riesgo en lugares cerrados de mucha circulaci\u00f3n, esto se da por la situaci\u00f3n post pandemia que estamos viviendo\u201d<\/em><\/strong>, puntualiz\u00f3 Nadal.<\/p>\n<p>A su vez la ministra destac\u00f3: <strong><em>\u201cEste a\u00f1o ha sido un a\u00f1o excepcional post pandemia, hay dos situaciones muy importantes a tener en cuenta, una que el COVID ya est\u00e1 en situaci\u00f3n de endemia, y la otra es que\u00a0 despu\u00e9s de una pandemia tan importante como la que tuvimos, la circulaci\u00f3n viral ha cambiado. Estamos viviendo un efecto post COVID, con su particularidad, donde hemos tenido mucha gripe, con mucha sintomatolog\u00eda, con casos de m\u00e1s gravedad, dada por el silencio epidemiol\u00f3gico que gener\u00f3 el COVID. Se dan estas situaciones que generan picos fuera de la estacionalidad y la combinaci\u00f3n de varios virus, como est\u00e1 sucediendo en este momento\u201d.<\/em><\/strong><\/p>\n<p>Parta finalizar Nadal destac\u00f3 que\u00a0<em><strong>\u201ces recomendable aplicarse la dosis del tercer refuerzo, especialmente si se pertenece a los grupos de riesgo,\u00a0 porque, si bien no es una vacuna espec\u00edfica,\u00a0 mejoramos la inmunidad<\/strong>\u00a0<\/em> <em><strong>ya que han transcurridos cuatro meses del segundo refuerzo. Y estamos en<\/strong> condiciones de llegar a marzo y abril con inmunidad, cuando ya se pueda aplicar la bivalente, que es una vacuna desarrollada con mayor especificidad a las nuevas variantes que circulan. Y as\u00ed comenzamos el a\u00f1o con mayor cobertura\u201d<\/em>. Los que deseen vacunarse pueden dirigirse a los centros de salud m\u00e1s cercanos al domicilio.<\/p>\n","protected":false},"excerpt":{"rendered":"<p>Tambi\u00e9n se indica continuar con las medidas prevenci\u00f3n, como lavado frecuente de manos, ventilaci\u00f3n cruzada y uso de barbijo en personas &#8230;<\/p>\n","protected":false},"author":7,"featured_media":96666,"comment_status":"open","ping_status":"open","sticky":false,"template":"","format":"standard","meta":{"footnotes":""},"categories":[5,15],"tags":[],"class_list":["post-116661","post","type-post","status-publish","format-standard","has-post-thumbnail","hentry","category-actualidad","category-salud"],"_links":{"self":[{"href":"https:\/\/vinasfm.com\/noticias\/wp-json\/wp\/v2\/posts\/116661","targetHints":{"allow":["GET"]}}],"collection":[{"href":"https:\/\/vinasfm.com\/noticias\/wp-json\/wp\/v2\/posts"}],"about":[{"href":"https:\/\/vinasfm.com\/noticias\/wp-json\/wp\/v2\/types\/post"}],"author":[{"embeddable":true,"href":"https:\/\/vinasfm.com\/noticias\/wp-json\/wp\/v2\/users\/7"}],"replies":[{"embeddable":true,"href":"https:\/\/vinasfm.com\/noticias\/wp-json\/wp\/v2\/comments?post=116661"}],"version-history":[{"count":1,"href":"https:\/\/vinasfm.com\/noticias\/wp-json\/wp\/v2\/posts\/116661\/revisions"}],"predecessor-version":[{"id":116662,"href":"https:\/\/vinasfm.com\/noticias\/wp-json\/wp\/v2\/posts\/116661\/revisions\/116662"}],"wp:featuredmedia":[{"embeddable":true,"href":"https:\/\/vinasfm.com\/noticias\/wp-json\/wp\/v2\/media\/96666"}],"wp:attachment":[{"href":"https:\/\/vinasfm.com\/noticias\/wp-json\/wp\/v2\/media?parent=116661"}],"wp:term":[{"taxonomy":"category","embeddable":true,"href":"https:\/\/vinasfm.com\/noticias\/wp-json\/wp\/v2\/categories?post=116661"},{"taxonomy":"post_tag","embeddable":true,"href":"https:\/\/vinasfm.com\/noticias\/wp-json\/wp\/v2\/tags?post=116661"}],"curies":[{"name":"wp","href":"https:\/\/api.w.org\/{rel}","templated":true}]}}