{"id":116617,"date":"2022-12-08T07:59:46","date_gmt":"2022-12-08T10:59:46","guid":{"rendered":"http:\/\/vinasfm.com\/noticias\/?p=116617"},"modified":"2022-12-08T09:11:31","modified_gmt":"2022-12-08T12:11:31","slug":"8-de-diciembre-dia-de-la-virgen","status":"publish","type":"post","link":"https:\/\/vinasfm.com\/noticias\/8-de-diciembre-dia-de-la-virgen\/","title":{"rendered":"8 DE DICIEMBRE, D\u00cdA DE LA VIRGEN"},"content":{"rendered":"<h4><strong>Este jueves, como cada 8 de diciembre, se celebra el &#8216;D\u00eda de la Virgen&#8217; y el Vicario de General Alvear, Horacio Valdivia, en dialogo con F.M VI\u00d1AS mencion\u00f3 las actividades que se realizar\u00e1n.<\/strong><\/h4>\n<p>Lit\u00fargicamente es llamada el <strong>\u00abD\u00eda de la Inmaculada Concepci\u00f3n\u00bb<\/strong> y es una d\u00eda de precepto para los cat\u00f3licos de todo el mundo,<strong><em> &#8216;un d\u00eda de amor a Mar\u00eda y para renovar nuestro amor especialmente por acompa\u00f1arnos y por su protecci\u00f3n&#8217;<\/em><\/strong> defini\u00f3 Horacio Valdivia. Este 8 de diciembre, como de costumbre, cientos de religiosos se concentrar\u00e1n en el Predio de la Virgen para celebran con la presencia del Fray Carlos Mar\u00eda Dom\u00ednguez.<\/p>\n<p>La convocatoria est\u00e1 pactada a las 20:00 horas desde el KM0 y cada comunidad lo har\u00e1 dependiendo de la lejan\u00eda a la Capilla Santa Catalina ubicada en Diagonal Carlos Pellegrini. A las 21 horas se celebrar\u00e1 la Santa Misa.<\/p>\n<p><em><strong>&#8216;Desde cada capilla y cada comunidad siempre viene la gente&#8217;<\/strong><\/em> mencion\u00f3 Horacio Valdivia e invit\u00f3<em><strong> &#8216;a que cada uno tome su imagen de Mar\u00eda a la que le sean devotos y sientan su protecci\u00f3n y compartamos como pueblo de Dios en este amor a Mar\u00eda&#8217;.<\/strong><\/em><\/p>\n<p>Como es de esperarse, el d\u00eda estar\u00e1 colmado por las actividades de religiosos al rededor de todo el departamento. Es por eso que se pide a toda la comunidad tener paciencia y respeto con todos aquellos que participen de las procesiones.<\/p>\n","protected":false},"excerpt":{"rendered":"<p>Este jueves, como cada 8 de diciembre, se celebra el &#8216;D\u00eda de la Virgen&#8217; y el Vicario de General Alvear, Horacio &#8230;<\/p>\n","protected":false},"author":7,"featured_media":42238,"comment_status":"open","ping_status":"open","sticky":false,"template":"","format":"standard","meta":{"footnotes":""},"categories":[1],"tags":[],"class_list":["post-116617","post","type-post","status-publish","format-standard","has-post-thumbnail","hentry","category-fmvinas"],"_links":{"self":[{"href":"https:\/\/vinasfm.com\/noticias\/wp-json\/wp\/v2\/posts\/116617","targetHints":{"allow":["GET"]}}],"collection":[{"href":"https:\/\/vinasfm.com\/noticias\/wp-json\/wp\/v2\/posts"}],"about":[{"href":"https:\/\/vinasfm.com\/noticias\/wp-json\/wp\/v2\/types\/post"}],"author":[{"embeddable":true,"href":"https:\/\/vinasfm.com\/noticias\/wp-json\/wp\/v2\/users\/7"}],"replies":[{"embeddable":true,"href":"https:\/\/vinasfm.com\/noticias\/wp-json\/wp\/v2\/comments?post=116617"}],"version-history":[{"count":1,"href":"https:\/\/vinasfm.com\/noticias\/wp-json\/wp\/v2\/posts\/116617\/revisions"}],"predecessor-version":[{"id":116619,"href":"https:\/\/vinasfm.com\/noticias\/wp-json\/wp\/v2\/posts\/116617\/revisions\/116619"}],"wp:featuredmedia":[{"embeddable":true,"href":"https:\/\/vinasfm.com\/noticias\/wp-json\/wp\/v2\/media\/42238"}],"wp:attachment":[{"href":"https:\/\/vinasfm.com\/noticias\/wp-json\/wp\/v2\/media?parent=116617"}],"wp:term":[{"taxonomy":"category","embeddable":true,"href":"https:\/\/vinasfm.com\/noticias\/wp-json\/wp\/v2\/categories?post=116617"},{"taxonomy":"post_tag","embeddable":true,"href":"https:\/\/vinasfm.com\/noticias\/wp-json\/wp\/v2\/tags?post=116617"}],"curies":[{"name":"wp","href":"https:\/\/api.w.org\/{rel}","templated":true}]}}