{"id":116602,"date":"2022-12-05T10:36:10","date_gmt":"2022-12-05T13:36:10","guid":{"rendered":"http:\/\/vinasfm.com\/noticias\/?p=116602"},"modified":"2022-12-05T10:47:54","modified_gmt":"2022-12-05T13:47:54","slug":"alvear-baila-se-realizo-con-una-importante-participacion","status":"publish","type":"post","link":"https:\/\/vinasfm.com\/noticias\/alvear-baila-se-realizo-con-una-importante-participacion\/","title":{"rendered":"ALVEAR BAILA SE REALIZ\u00d3 CON UNA IMPORTANTE PARTICIPACI\u00d3N"},"content":{"rendered":"<h4><strong>La cuarta edici\u00f3n del torneo Alvear Baila se llev\u00f3 a cabo el pasado domingo en el Polideportivo Deportistas Alvearenses, y tuvo una gran convocatoria de participantes y p\u00fablico.<\/strong><\/h4>\n<p><strong><em>&#8216;Para Alvear ha sido un lujo tener este evento con gran participaci\u00f3n y apoyo&#8217;<\/em><\/strong> expres\u00f3 Viana Giacar\u00eda y agrg\u00f3<strong><em> &#8216;la danza y el fitness, dentro de las actividades f\u00edsicas, son bastantes convocatorias as\u00ed tambi\u00e9n como el resto de los deportes. El objetivo es que crezca la actividad y la disfruten tanto los profes como tambi\u00e9n los alumnos&#8217;.\u00a0 <\/em><\/strong>Este a\u00f1o, el evento tuvo la participaci\u00f3n de 300 bailarines en las diversas disciplinas, juzgados por dos jueces de lujo.<\/p>\n<p>El evento resulta previa para la selectiva de danza en donde el departamento tiene ,cada a\u00f1o, una destacada participaci\u00f3n,<strong><em> &#8216;en septiembre tuvimos unos resultados espectaculares y ahora nos toca la final el pr\u00f3ximo 17&#8217;.\u00a0<\/em><\/strong><\/p>\n<p>La profesora Silvina Cascardo, qui\u00e9n fue una de las juezas del concurso, dijo &#8216;<em><strong>es hermoso poder compartir esto que nos une, verlos en escena con todo el trabajo, hay mucho talento y muy buenos bailarines&#8217;.<\/strong><\/em><\/p>\n<p>Pese a ser una jornada con altas temperaturas, el polideportivo techado se vio envuelto de energ\u00eda y ritmo junto a todos los bailarines.<\/p>\n","protected":false},"excerpt":{"rendered":"<p>La cuarta edici\u00f3n del torneo Alvear Baila se llev\u00f3 a cabo el pasado domingo en el Polideportivo Deportistas Alvearenses, y tuvo &#8230;<\/p>\n","protected":false},"author":7,"featured_media":116611,"comment_status":"open","ping_status":"open","sticky":false,"template":"","format":"standard","meta":{"footnotes":""},"categories":[5,3],"tags":[],"class_list":["post-116602","post","type-post","status-publish","format-standard","has-post-thumbnail","hentry","category-actualidad","category-deportes"],"_links":{"self":[{"href":"https:\/\/vinasfm.com\/noticias\/wp-json\/wp\/v2\/posts\/116602","targetHints":{"allow":["GET"]}}],"collection":[{"href":"https:\/\/vinasfm.com\/noticias\/wp-json\/wp\/v2\/posts"}],"about":[{"href":"https:\/\/vinasfm.com\/noticias\/wp-json\/wp\/v2\/types\/post"}],"author":[{"embeddable":true,"href":"https:\/\/vinasfm.com\/noticias\/wp-json\/wp\/v2\/users\/7"}],"replies":[{"embeddable":true,"href":"https:\/\/vinasfm.com\/noticias\/wp-json\/wp\/v2\/comments?post=116602"}],"version-history":[{"count":3,"href":"https:\/\/vinasfm.com\/noticias\/wp-json\/wp\/v2\/posts\/116602\/revisions"}],"predecessor-version":[{"id":116612,"href":"https:\/\/vinasfm.com\/noticias\/wp-json\/wp\/v2\/posts\/116602\/revisions\/116612"}],"wp:featuredmedia":[{"embeddable":true,"href":"https:\/\/vinasfm.com\/noticias\/wp-json\/wp\/v2\/media\/116611"}],"wp:attachment":[{"href":"https:\/\/vinasfm.com\/noticias\/wp-json\/wp\/v2\/media?parent=116602"}],"wp:term":[{"taxonomy":"category","embeddable":true,"href":"https:\/\/vinasfm.com\/noticias\/wp-json\/wp\/v2\/categories?post=116602"},{"taxonomy":"post_tag","embeddable":true,"href":"https:\/\/vinasfm.com\/noticias\/wp-json\/wp\/v2\/tags?post=116602"}],"curies":[{"name":"wp","href":"https:\/\/api.w.org\/{rel}","templated":true}]}}