{"id":116598,"date":"2022-12-05T09:43:56","date_gmt":"2022-12-05T12:43:56","guid":{"rendered":"http:\/\/vinasfm.com\/noticias\/?p=116598"},"modified":"2022-12-05T09:55:22","modified_gmt":"2022-12-05T12:55:22","slug":"aumentan-los-casos-de-covid-en-el-pais-y-mendoza-insiste-con-la-vacunacion","status":"publish","type":"post","link":"https:\/\/vinasfm.com\/noticias\/aumentan-los-casos-de-covid-en-el-pais-y-mendoza-insiste-con-la-vacunacion\/","title":{"rendered":"AUMENTAN LOS CASOS DE COVID EN EL PA\u00cdS Y MENDOZA INSISTE CON LA VACUNACI\u00d3N"},"content":{"rendered":"<h4><strong>El Ministerio de Salud de la provincia advierte que los centros de salud siguen vacunando con normalidad. La titular, Ana Mar\u00eda Nadal, asegur\u00f3 que aunque no hay alarma epidemiol\u00f3gica, \u201cclaramente van a subir\u201d los contagios.<\/strong><\/h4>\n<p>Aunque lo peor de la pandemia ya pas\u00f3, o al menos eso pensamos, los casos de Covid-19 contin\u00faan apareciendo en todo el pa\u00eds, y Mendoza no es la excepci\u00f3n.<\/p>\n<p>De hecho, en la \u00faltima semana llam\u00f3 la atenci\u00f3n la dr\u00e1stica subida de casos en Argentina, y<b>a que se cuadruplicaron respecto a los positivos informados hace una semana<\/b>. En este contexto, la cartera de Salud provincial<b>\u00a0insiste con la vacunaci\u00f3n<\/b>, que contin\u00faa desarroll\u00e1ndose en los centros de salud locales.<\/p>\n<p>El informe semanal nacional de Covid arroj\u00f3 datos sorpresivos la \u00faltima semana, y<b>a que hubo nueve muertes por coronavirus y 12.609 contagios en la Argentina, lo que representa un 279% m\u00e1s de casos que el domingo pasado (3.323).<\/b><\/p>\n<p><strong>CONTINUA LA VACUNACI\u00d3N EN MENDOZA<\/strong><\/p>\n<p>Fuentes del <b>Ministerio de Salud\u00a0<\/b>afirmaron que en las \u00faltimas semanas h<b>a crecido el inter\u00e9s por retomar el calendario de vacunaci\u00f3n<\/b>, pese a que la campa\u00f1a para aplicar dosis contra el Covid nunca se detuvo.<\/p>\n<div class=\"container undefined\">\n<div class=\"clearfix\">\n<div id=\"nmiddle3\" class=\"banner-inner\" data-section=\"inicio\" data-name=\"nmiddle3\" data-google-query-id=\"CLXng6W_4vsCFa2vlQIdb0MPvg\">\n<p>Incluso, desde la cartera explicaron que cuando comenz\u00f3 la colocaci\u00f3n de la quinta dosis de refuerzo no hubo una buena adhesi\u00f3n de la gente, pero que ahora\u00a0<b>la reacci\u00f3n general de ir a vacunarse por la suba de casos genera complicaciones en algunos centros de salud<\/b>, como el Vacunatorio Central.<\/p>\n<p>Sobre la vacunaci\u00f3n, Ana Mar\u00eda Nadal advirti\u00f3 que <strong><em>\u201ces importante porque si colocamos la tercer dosis de refuerzo ahora, en los pr\u00f3ximos d\u00edas o el mes que viene,\u00a0nos da protecci\u00f3n para cuando llegue la vacuna bivalente, que entendemos que el Gobierno nacional la va a comprar y que va a ser para marzo\/abril del a\u00f1o que viene\u201d<\/em><\/strong>.<\/p>\n<p><em><strong>\u201cAh\u00ed vamos a poder vacunar contra gripe y Covid, pero para llegar ah\u00ed podemos llegar con\u00a0mejor cobertura de inmunidad\u00a0si nos colocamos esa tercera dosis de refuerzo\u201d<\/strong><\/em>, complet\u00f3 la ministra.<\/p>\n<\/div>\n<\/div>\n<\/div>\n","protected":false},"excerpt":{"rendered":"<p>El Ministerio de Salud de la provincia advierte que los centros de salud siguen vacunando con normalidad. La titular, Ana Mar\u00eda &#8230;<\/p>\n","protected":false},"author":7,"featured_media":34007,"comment_status":"open","ping_status":"open","sticky":false,"template":"","format":"standard","meta":{"footnotes":""},"categories":[5,15],"tags":[],"class_list":["post-116598","post","type-post","status-publish","format-standard","has-post-thumbnail","hentry","category-actualidad","category-salud"],"_links":{"self":[{"href":"https:\/\/vinasfm.com\/noticias\/wp-json\/wp\/v2\/posts\/116598","targetHints":{"allow":["GET"]}}],"collection":[{"href":"https:\/\/vinasfm.com\/noticias\/wp-json\/wp\/v2\/posts"}],"about":[{"href":"https:\/\/vinasfm.com\/noticias\/wp-json\/wp\/v2\/types\/post"}],"author":[{"embeddable":true,"href":"https:\/\/vinasfm.com\/noticias\/wp-json\/wp\/v2\/users\/7"}],"replies":[{"embeddable":true,"href":"https:\/\/vinasfm.com\/noticias\/wp-json\/wp\/v2\/comments?post=116598"}],"version-history":[{"count":1,"href":"https:\/\/vinasfm.com\/noticias\/wp-json\/wp\/v2\/posts\/116598\/revisions"}],"predecessor-version":[{"id":116599,"href":"https:\/\/vinasfm.com\/noticias\/wp-json\/wp\/v2\/posts\/116598\/revisions\/116599"}],"wp:featuredmedia":[{"embeddable":true,"href":"https:\/\/vinasfm.com\/noticias\/wp-json\/wp\/v2\/media\/34007"}],"wp:attachment":[{"href":"https:\/\/vinasfm.com\/noticias\/wp-json\/wp\/v2\/media?parent=116598"}],"wp:term":[{"taxonomy":"category","embeddable":true,"href":"https:\/\/vinasfm.com\/noticias\/wp-json\/wp\/v2\/categories?post=116598"},{"taxonomy":"post_tag","embeddable":true,"href":"https:\/\/vinasfm.com\/noticias\/wp-json\/wp\/v2\/tags?post=116598"}],"curies":[{"name":"wp","href":"https:\/\/api.w.org\/{rel}","templated":true}]}}