{"id":116570,"date":"2022-12-04T23:16:21","date_gmt":"2022-12-05T02:16:21","guid":{"rendered":"http:\/\/vinasfm.com\/noticias\/?p=116570"},"modified":"2022-12-06T08:22:38","modified_gmt":"2022-12-06T11:22:38","slug":"se-viene-la-10-edicion-de-in-out-pasarela","status":"publish","type":"post","link":"https:\/\/vinasfm.com\/noticias\/se-viene-la-10-edicion-de-in-out-pasarela\/","title":{"rendered":"SE VIENE LA 10\u00b0 EDICI\u00d3N DE IN OUT PASARELA"},"content":{"rendered":"<h4>Nuevo a\u00f1o y un nuevo desfile de In Out Pasarela llega al departamento, esta ser\u00eda la edici\u00f3n n\u00famero 10 organizada por Idesa Ugacoop, el evento tendr\u00e1 fecha para el pr\u00f3ximo\u00a0domingo 11 en el predio Ugacoop a las 20 HS, las entradas ya estan a la venta y tiene un valor de 400 pesos, se pueden obtener en el predio de Ugacoop y tambi\u00e9n en la Libreria del Barrio San Carlos<\/h4>\n<p>Abril Palomo, alumna de la Tecnicatura Superior en dise\u00f1o de Indumentaria, Textil y Accesorios habl\u00f3 acerca del evento: <em><strong>&#8216;Estamos con el cierre del a\u00f1o especificamente con el desfile que se realiza siempre en esta \u00e9poca del a\u00f1o, la tem\u00e1tica del desfile es Flores, recibe el nombre de \u00abFlower Design\u00bb queriamos invitar a toda la comunidad de Alvear, nosotras estamos en el \u00faltimo a\u00f1o de la carrera, en total son 3 a\u00f1os, somos una promoci\u00f3n de cinco chicas en total&#8217;\u00a0<\/strong><\/em><\/p>\n<p><em><strong>&#8216;Se presentan dise\u00f1os de primer y tercer a\u00f1o, tenemos modelos especiales con una gran variedad que se haran presente en la pasarela, este evento es parte de la nota final de nuestra cursada&#8217;<\/strong><\/em> Agreg\u00f3 en di\u00e1logo con <strong>F.M VI\u00d1AS<\/strong><\/p>\n<p>Sandra Amoros profesora de la carrera enfatiz\u00f3 lo siguiente<em><strong>: &#8216;A mi me toca acompa\u00f1ar a las chicas como su profesora, yo tambi\u00e9n estudie ah\u00ed y estoy muy a tono con lo que estan haciendo, yo me recib\u00ed en el 2018, queremos invitar a toda la comunidad sobre todo para que sepan de lo que se trata la carrera la cual se cursa todos los d\u00edas de 13:00 a 18:00 HS, no se paga cuota es totalmente gratis, en el desfile tendremos bandas para que sea una noche muy linda para que todos puedan disfrutar&#8217;\u00a0\u00a0<\/strong><\/em><\/p>\n<p>&nbsp;<\/p>\n","protected":false},"excerpt":{"rendered":"<p>Nuevo a\u00f1o y un nuevo desfile de In Out Pasarela llega al departamento, esta ser\u00eda la edici\u00f3n n\u00famero 10 organizada por &#8230;<\/p>\n","protected":false},"author":7,"featured_media":29017,"comment_status":"open","ping_status":"open","sticky":false,"template":"","format":"standard","meta":{"footnotes":""},"categories":[5,10],"tags":[],"class_list":["post-116570","post","type-post","status-publish","format-standard","has-post-thumbnail","hentry","category-actualidad","category-destacadas"],"_links":{"self":[{"href":"https:\/\/vinasfm.com\/noticias\/wp-json\/wp\/v2\/posts\/116570","targetHints":{"allow":["GET"]}}],"collection":[{"href":"https:\/\/vinasfm.com\/noticias\/wp-json\/wp\/v2\/posts"}],"about":[{"href":"https:\/\/vinasfm.com\/noticias\/wp-json\/wp\/v2\/types\/post"}],"author":[{"embeddable":true,"href":"https:\/\/vinasfm.com\/noticias\/wp-json\/wp\/v2\/users\/7"}],"replies":[{"embeddable":true,"href":"https:\/\/vinasfm.com\/noticias\/wp-json\/wp\/v2\/comments?post=116570"}],"version-history":[{"count":3,"href":"https:\/\/vinasfm.com\/noticias\/wp-json\/wp\/v2\/posts\/116570\/revisions"}],"predecessor-version":[{"id":116601,"href":"https:\/\/vinasfm.com\/noticias\/wp-json\/wp\/v2\/posts\/116570\/revisions\/116601"}],"wp:featuredmedia":[{"embeddable":true,"href":"https:\/\/vinasfm.com\/noticias\/wp-json\/wp\/v2\/media\/29017"}],"wp:attachment":[{"href":"https:\/\/vinasfm.com\/noticias\/wp-json\/wp\/v2\/media?parent=116570"}],"wp:term":[{"taxonomy":"category","embeddable":true,"href":"https:\/\/vinasfm.com\/noticias\/wp-json\/wp\/v2\/categories?post=116570"},{"taxonomy":"post_tag","embeddable":true,"href":"https:\/\/vinasfm.com\/noticias\/wp-json\/wp\/v2\/tags?post=116570"}],"curies":[{"name":"wp","href":"https:\/\/api.w.org\/{rel}","templated":true}]}}