{"id":116540,"date":"2022-12-02T09:43:41","date_gmt":"2022-12-02T12:43:41","guid":{"rendered":"http:\/\/vinasfm.com\/noticias\/?p=116540"},"modified":"2022-12-05T08:34:46","modified_gmt":"2022-12-05T11:34:46","slug":"buscan-mejoras-en-el-edificio-del-cct-carlos-obligado","status":"publish","type":"post","link":"https:\/\/vinasfm.com\/noticias\/buscan-mejoras-en-el-edificio-del-cct-carlos-obligado\/","title":{"rendered":"BUSCAN MEJOARAS EN EL EDIFICIO DEL CCT CARLOS OBLIGADO"},"content":{"rendered":"<h4><strong>A primeras horas de esta ma\u00f1ana se realiz\u00f3 una mesa de trabajo para la construcci\u00f3n del CCT Carlos Obligado.<\/strong><\/h4>\n<p><em><strong>&#8216;Estamos trabajando con un proyecto que corresponde al CCT Carlos Obligado, que tenemos como meta sacarlo antes de fin de a\u00f1os&#8217;<\/strong><\/em> expres\u00f3 Jorge P\u00e9rez. Seg\u00fan se dio a conocer, a esta mesa de trabajo acudir\u00e1n los encargados de la arquitectura, ingenieros de infraestructura lista de San Rafael, el equipo t\u00e9cnico de la municipalidad y el equipo externo.<\/p>\n<p><em><strong>&#8216;Cuando estamos trabajando a distintas distancias, la mejor manera es encontrarnos y apuntar para poder concretar el proceso licitatorio&#8217;<\/strong><\/em> coment\u00f3 y aclar\u00f3<em><strong> &#8216;tenemos que ser muy precavidos y cautos para llegar con fecha oficial&#8217;.<\/strong><\/em><\/p>\n<p>El pedido de directivos del CCT eran espacios de trabajo por eso<em> <strong>&#8216;el proyecto consiste en estos espacios que tendr\u00e1n libertad al espacio solar, podr\u00e1n circular y trabajar en distintos sectores. Se est\u00e1 evaluando tratara de respetar la estructura del viejo galp\u00f3n pero tambi\u00e9n realizar una estructura totalmente independiente&#8217;. <\/strong><\/em>Adem\u00e1s <em><strong>&#8216;se est\u00e1 trabajando con la parte de cloacas e instalaciones complementarias, para poder llegar a ofrecer un buen servicio que es lo que nos piden&#8217;<\/strong><\/em><\/p>\n<p>A la hora de trabajar en edificios educativos la DGE tiene pautas preestablecidas con respecto a los inmuebles, <em><strong>&#8216;nosotros ofrec\u00edamos la parte superficial y la gente de infraestructura nos dec\u00eda como adecuarlo en funci\u00f3n a cada taller que funciona. Se trata de cumplir con cada norma de seguridad que nos imponen desde la Direcci\u00f3n General de Escuelas&#8217;<\/strong><\/em> concluy\u00f3 el Secretario de Obras y Servicios.<\/p>\n","protected":false},"excerpt":{"rendered":"<p>A primeras horas de esta ma\u00f1ana se realiz\u00f3 una mesa de trabajo para la construcci\u00f3n del CCT Carlos Obligado. &#8216;Estamos trabajando &#8230;<\/p>\n","protected":false},"author":7,"featured_media":116541,"comment_status":"open","ping_status":"open","sticky":false,"template":"","format":"standard","meta":{"footnotes":""},"categories":[1],"tags":[],"class_list":["post-116540","post","type-post","status-publish","format-standard","has-post-thumbnail","hentry","category-fmvinas"],"_links":{"self":[{"href":"https:\/\/vinasfm.com\/noticias\/wp-json\/wp\/v2\/posts\/116540","targetHints":{"allow":["GET"]}}],"collection":[{"href":"https:\/\/vinasfm.com\/noticias\/wp-json\/wp\/v2\/posts"}],"about":[{"href":"https:\/\/vinasfm.com\/noticias\/wp-json\/wp\/v2\/types\/post"}],"author":[{"embeddable":true,"href":"https:\/\/vinasfm.com\/noticias\/wp-json\/wp\/v2\/users\/7"}],"replies":[{"embeddable":true,"href":"https:\/\/vinasfm.com\/noticias\/wp-json\/wp\/v2\/comments?post=116540"}],"version-history":[{"count":3,"href":"https:\/\/vinasfm.com\/noticias\/wp-json\/wp\/v2\/posts\/116540\/revisions"}],"predecessor-version":[{"id":116589,"href":"https:\/\/vinasfm.com\/noticias\/wp-json\/wp\/v2\/posts\/116540\/revisions\/116589"}],"wp:featuredmedia":[{"embeddable":true,"href":"https:\/\/vinasfm.com\/noticias\/wp-json\/wp\/v2\/media\/116541"}],"wp:attachment":[{"href":"https:\/\/vinasfm.com\/noticias\/wp-json\/wp\/v2\/media?parent=116540"}],"wp:term":[{"taxonomy":"category","embeddable":true,"href":"https:\/\/vinasfm.com\/noticias\/wp-json\/wp\/v2\/categories?post=116540"},{"taxonomy":"post_tag","embeddable":true,"href":"https:\/\/vinasfm.com\/noticias\/wp-json\/wp\/v2\/tags?post=116540"}],"curies":[{"name":"wp","href":"https:\/\/api.w.org\/{rel}","templated":true}]}}