{"id":116530,"date":"2022-12-02T08:58:25","date_gmt":"2022-12-02T11:58:25","guid":{"rendered":"http:\/\/vinasfm.com\/noticias\/?p=116530"},"modified":"2022-12-05T08:11:30","modified_gmt":"2022-12-05T11:11:30","slug":"la-palabra-de-carlos-ponce-tras-su-salida-de-la-gestion-de-marcolini","status":"publish","type":"post","link":"https:\/\/vinasfm.com\/noticias\/la-palabra-de-carlos-ponce-tras-su-salida-de-la-gestion-de-marcolini\/","title":{"rendered":"la palabra de carlos ponce tras su salida de la gesti\u00f3n de marcolini"},"content":{"rendered":"<h4><strong>El intendente\u00a0Walther Marcolini le pidi\u00f3 la renuncia el lunes pasado a Carlos Ponce, quien se desempe\u00f1aba como secretario de Desarrollo y Promoci\u00f3n Departamental y estaba en campa\u00f1a como precandidato para sucederlo en la intendencia el a\u00f1o que viene. <em>&#8216;Por motivos pol\u00edtico- electorales, el intendente\u00a0me comunic\u00f3 que ya no era parte de la gesti\u00f3n&#8217;.<\/em> En su lugar asumi\u00f3 Edgardo Sampirisi, reconocido comerciante local.<\/strong><\/h4>\n<p>En conferencia de prensa, el ex secretario de Desarrollo y Promoci\u00f3n Departamental\u00a0 dijo: <em><strong>&#8216;Yo no ten\u00eda participaci\u00f3n en lo partidario, el agradezco a Marcolini por todos estos a\u00f1os. Esta participaci\u00f3n me ha permitido abrazar los colores de la URC como expresi\u00f3n pol\u00edtica, donde he encontrado amigos y un grupo de correligionarios donde me siento c\u00f3modo trabajando con ellos y me ha despertado esta vocaci\u00f3n de trabajar en la funci\u00f3n p\u00fablica, que tiene que ver con servir al otro. Desde que Walther me pidi\u00f3 la renuncia al cargo he pensado todo lo que me qued\u00f3 por hacer y toda la libertad que he tenido para adelante los proyectos&#8217;\u00a0\u00a0<\/strong><\/em>y agreg\u00f3 <em><strong>&#8216;estoy satisfecho por un lado y por el otro sin sabor por no poder seguir aportando&#8217;.\u00a0<\/strong><\/em><\/p>\n<p>Ponce asumi\u00f3 su cargo en 2018, dentro de la segunda mitad de la primera gesti\u00f3n del mandatario.<\/p>\n<p>Pon otro lado, Carlos Ponce asegur\u00f3 que el futuro de su candidatura <strong><em>&#8216;se definir\u00e1 dentro del espacio en el que estoy trabajando, siempre dentro de la UCR con el apoyo de los socios del Frente Cambia Mendoza. Vamos a \u00a0hacer una evaluaci\u00f3n y ver si podemos desarrollar una plataforma basada en propuestas para General Alvear&#8217;.\u00a0\u00a0<\/em><\/strong><\/p>\n","protected":false},"excerpt":{"rendered":"<p>El intendente\u00a0Walther Marcolini le pidi\u00f3 la renuncia el lunes pasado a Carlos Ponce, quien se desempe\u00f1aba como secretario de Desarrollo y &#8230;<\/p>\n","protected":false},"author":7,"featured_media":60303,"comment_status":"open","ping_status":"open","sticky":false,"template":"","format":"standard","meta":{"footnotes":""},"categories":[5,10],"tags":[],"class_list":["post-116530","post","type-post","status-publish","format-standard","has-post-thumbnail","hentry","category-actualidad","category-destacadas"],"_links":{"self":[{"href":"https:\/\/vinasfm.com\/noticias\/wp-json\/wp\/v2\/posts\/116530","targetHints":{"allow":["GET"]}}],"collection":[{"href":"https:\/\/vinasfm.com\/noticias\/wp-json\/wp\/v2\/posts"}],"about":[{"href":"https:\/\/vinasfm.com\/noticias\/wp-json\/wp\/v2\/types\/post"}],"author":[{"embeddable":true,"href":"https:\/\/vinasfm.com\/noticias\/wp-json\/wp\/v2\/users\/7"}],"replies":[{"embeddable":true,"href":"https:\/\/vinasfm.com\/noticias\/wp-json\/wp\/v2\/comments?post=116530"}],"version-history":[{"count":1,"href":"https:\/\/vinasfm.com\/noticias\/wp-json\/wp\/v2\/posts\/116530\/revisions"}],"predecessor-version":[{"id":116533,"href":"https:\/\/vinasfm.com\/noticias\/wp-json\/wp\/v2\/posts\/116530\/revisions\/116533"}],"wp:featuredmedia":[{"embeddable":true,"href":"https:\/\/vinasfm.com\/noticias\/wp-json\/wp\/v2\/media\/60303"}],"wp:attachment":[{"href":"https:\/\/vinasfm.com\/noticias\/wp-json\/wp\/v2\/media?parent=116530"}],"wp:term":[{"taxonomy":"category","embeddable":true,"href":"https:\/\/vinasfm.com\/noticias\/wp-json\/wp\/v2\/categories?post=116530"},{"taxonomy":"post_tag","embeddable":true,"href":"https:\/\/vinasfm.com\/noticias\/wp-json\/wp\/v2\/tags?post=116530"}],"curies":[{"name":"wp","href":"https:\/\/api.w.org\/{rel}","templated":true}]}}