{"id":116526,"date":"2022-12-02T08:44:01","date_gmt":"2022-12-02T11:44:01","guid":{"rendered":"http:\/\/vinasfm.com\/noticias\/?p=116526"},"modified":"2022-12-05T08:09:44","modified_gmt":"2022-12-05T11:09:44","slug":"el-plan-del-gobierno-para-reparar-escuelas-en-2023-y-evitar-los-problemas-de-este-ano","status":"publish","type":"post","link":"https:\/\/vinasfm.com\/noticias\/el-plan-del-gobierno-para-reparar-escuelas-en-2023-y-evitar-los-problemas-de-este-ano\/","title":{"rendered":"EL PLAN DEL GOBIERNO PARA REPARAR ESCUELAS EN 2023 Y EVITAR LOS PROBLEMAS DE ESTE A\u00d1O"},"content":{"rendered":"<h4><strong>Adjudicar\u00e1n contratos por 2.700 millones de pesos en diciembre para que en enero comiencen arreglos en 300 establecimientos.<\/strong><\/h4>\n<p>El\u00a0<strong>Gobierno<\/strong>\u00a0lanz\u00f3 licitaciones para\u00a0<strong>arreglar 300 escuelas<\/strong>\u00a0a partir de enero, con una inversi\u00f3n de<strong>\u00a02.700 millones de pesos<\/strong>. Prometieron reparar inconvenientes estructurales, sanitarios y el\u00e9ctricos.<\/p>\n<p>Los problemas edilicios en las instituciones educativas son un tema recurrente en Mendoza. Este a\u00f1o las quejas se agravaron ya que, tras la pandemia de coronavirus, volvieron las clases presenciales en su totalidad y el mal estado de algunos edificios fue cuestionado por docentes, gremios y oposici\u00f3n, aspecto que reconoci\u00f3 la propia Direcci\u00f3n General de Escuelas (DGE).<\/p>\n<p>En ese entonces, la Subsecretar\u00eda de Infraestructura Escolar comenz\u00f3 las reparaciones en febrero, destinando alrededor de 1.100 millones de pesos. Para el<strong>\u00a0ciclo lectivo 2023<\/strong>, se\u00a0<strong>adelant\u00f3 el proceso licitatorio<\/strong>\u00a0para que los contratos con las firmas constructoras y de servicios entren en vigencia a mitad de diciembre y los arreglos puedan empezar en enero. Los estudiantes deber\u00e1n retornar a las aulas el 27 de febrero.<\/p>\n<p>Bernardino Rodr\u00edguez, director de Mantenimiento y Reparaciones, perteneciente al Ministerio de Planificaci\u00f3n e Infraestructura, se\u00f1al\u00f3 que se establecer\u00e1n\u00a0<strong>\u201c36 contratos que tendr\u00e1n una limitaci\u00f3n en el monto\u201d, que ser\u00e1 de $75 millones por cada coeficiente de impacto zonal<\/strong>.<\/p>\n<p>Este tipo de contrataciones se determinan por las escuelas que se ubican en cada zona y cada firma se encarga de un grupo de establecimientos seg\u00fan su ubicaci\u00f3n, explic\u00f3 Rodr\u00edguez. Principalmente, trabajar\u00e1n sobre reparaciones medianas y peque\u00f1as, explicaron.<\/p>\n<p>El Gobierno indic\u00f3 que se trata de refacciones que vienen siendo reclamadas desde hace tiempo. Los inconvenientes a resolver son diversos:\u00a0<strong>estructurales<\/strong>,\u00a0<strong>conexiones sanitarias y el\u00e9ctricas<\/strong>,\u00a0<strong>filtraciones de techos<\/strong>\u00a0y\u00a0<strong>problemas cloacales<\/strong>, como tambi\u00e9n arreglos por\u00a0<strong>vandalismo<\/strong>.<\/p>\n<p>\u201c<strong>Las reparaciones son diversas, hay arreglos menores y otros que requerir\u00e1n que las obras se extiendan durante el a\u00f1o<\/strong>. Hay obras programadas, pero otras las contingencias que puedan surgir a diario tambi\u00e9n se cubrir\u00e1n con estos contratos\u201d, afirm\u00f3 el funcionario, quien a\u00f1adi\u00f3 que para el 2023 todas las escuelas estar\u00e1n operativas.<\/p>\n<p>La inversi\u00f3n, que saldr\u00e1 de la Provincia, ser\u00e1 de<strong>\u00a02.700 millones de pesos<\/strong>, y los trabajos beneficiar\u00e1n a m\u00e1s de 120 mil alumnos de diferentes departamentos, asegur\u00f3 Infraestructura.<\/p>\n<p>Los estudiantes de todos los niveles y modalidades comenzar\u00e1n el ciclo lectivo el lunes 27 de febrero, determin\u00f3 la Direcci\u00f3n General de Escuelas (DGE), con la meta de cumplir con 195 d\u00edas de clases.<\/p>\n<p>La actividad docente comenzar\u00e1 el 6 de febrero, mientras que los alumnos con necesidades de fortalecimiento escolar iniciar\u00e1n el 9 de febrero.<\/p>\n<div class=\"newspack_global_ad sidebar_article-2\"><\/div>\n","protected":false},"excerpt":{"rendered":"<p>Adjudicar\u00e1n contratos por 2.700 millones de pesos en diciembre para que en enero comiencen arreglos en 300 establecimientos. El\u00a0Gobierno\u00a0lanz\u00f3 licitaciones para\u00a0arreglar &#8230;<\/p>\n","protected":false},"author":7,"featured_media":116527,"comment_status":"open","ping_status":"open","sticky":false,"template":"","format":"standard","meta":{"footnotes":""},"categories":[5,10],"tags":[],"class_list":["post-116526","post","type-post","status-publish","format-standard","has-post-thumbnail","hentry","category-actualidad","category-destacadas"],"_links":{"self":[{"href":"https:\/\/vinasfm.com\/noticias\/wp-json\/wp\/v2\/posts\/116526","targetHints":{"allow":["GET"]}}],"collection":[{"href":"https:\/\/vinasfm.com\/noticias\/wp-json\/wp\/v2\/posts"}],"about":[{"href":"https:\/\/vinasfm.com\/noticias\/wp-json\/wp\/v2\/types\/post"}],"author":[{"embeddable":true,"href":"https:\/\/vinasfm.com\/noticias\/wp-json\/wp\/v2\/users\/7"}],"replies":[{"embeddable":true,"href":"https:\/\/vinasfm.com\/noticias\/wp-json\/wp\/v2\/comments?post=116526"}],"version-history":[{"count":2,"href":"https:\/\/vinasfm.com\/noticias\/wp-json\/wp\/v2\/posts\/116526\/revisions"}],"predecessor-version":[{"id":116545,"href":"https:\/\/vinasfm.com\/noticias\/wp-json\/wp\/v2\/posts\/116526\/revisions\/116545"}],"wp:featuredmedia":[{"embeddable":true,"href":"https:\/\/vinasfm.com\/noticias\/wp-json\/wp\/v2\/media\/116527"}],"wp:attachment":[{"href":"https:\/\/vinasfm.com\/noticias\/wp-json\/wp\/v2\/media?parent=116526"}],"wp:term":[{"taxonomy":"category","embeddable":true,"href":"https:\/\/vinasfm.com\/noticias\/wp-json\/wp\/v2\/categories?post=116526"},{"taxonomy":"post_tag","embeddable":true,"href":"https:\/\/vinasfm.com\/noticias\/wp-json\/wp\/v2\/tags?post=116526"}],"curies":[{"name":"wp","href":"https:\/\/api.w.org\/{rel}","templated":true}]}}