{"id":116521,"date":"2022-12-02T08:36:53","date_gmt":"2022-12-02T11:36:53","guid":{"rendered":"http:\/\/vinasfm.com\/noticias\/?p=116521"},"modified":"2022-12-05T08:05:42","modified_gmt":"2022-12-05T11:05:42","slug":"mendozaactiva4-se-convirtio-en-ley","status":"publish","type":"post","link":"https:\/\/vinasfm.com\/noticias\/mendozaactiva4-se-convirtio-en-ley\/","title":{"rendered":"#MendozaActiva4 SE CONVIRTI\u00d3 EN LEY"},"content":{"rendered":"<p>El Gobierno de Mendoza\u00a0<strong>present\u00f3 semanas atr\u00e1s un proyecto de incentivo a la inversi\u00f3n y al empleo. Se trata de la cuarta edici\u00f3n de Mendoza Activa<\/strong>, en donde se incorpora a m\u00e1s sectores y m\u00e1s programas, adem\u00e1s de aumentar los reintegros para innovaci\u00f3n y nuevos puestos de trabajo. Tambi\u00e9n habr\u00e1 una ayuda especial para el sector productivo provincial, que se vio especialmente afectado por las contingencias clim\u00e1ticas de los \u00faltimos meses.<\/p>\n<p>Dicha iniciativa fue ratificada por el Senado provincial\u00a0<strong>por 36 votos a favor y una abstenci\u00f3n, por lo que fue remitida al Poder Ejecutivo para su promulgaci\u00f3n<\/strong>. El Proyecto cuenta con un <strong><em>presupuesto estimado de $9.500 millones<\/em><\/strong> para desarrollar energ\u00edas renovables, tecnolog\u00eda y ahorro h\u00eddrico.<\/p>\n<p><strong><em>&#8216;En Mendoza el gobierno contin\u00faa brindando herramientas de inversi\u00f3n con reintegros, que sirven para reactivar la econom\u00eda y volver m\u00e1s competitivas a nuestras pymes, para que puedan innovar y desarrollarse tecnol\u00f3gicamente, hacer frente al ahorro energ\u00e9tico y el desarrollo del riego&#8217;<\/em><\/strong> explic\u00f3 el Senador Leo Vi\u00f1olo.<\/p>\n<p>La propuesta se\u00f1ala que los reintegros alcanzar\u00e1n a aquellas personas humanas o jur\u00eddicas con y sin fines de lucro que inviertan en las siguientes \u00e1reas:<\/p>\n<ul>\n<li><strong><u>Eficiencia energ\u00e9tica.<\/u><\/strong><\/li>\n<li><strong><u>Ciencia y tecnolog\u00eda.<\/u><\/strong><\/li>\n<li><strong><u>Desarrollo agr\u00edcola.<\/u><\/strong><\/li>\n<li><strong><u>Maquinaria agr\u00edcola.<\/u><\/strong><\/li>\n<li><strong><u>Defensa agr\u00edcola.<\/u><\/strong><\/li>\n<li><strong><u>Eficiencia agr\u00edcola.<\/u><\/strong><\/li>\n<li><strong><u>Ganader\u00eda.<\/u><\/strong><\/li>\n<li><strong><u>Proyectos integrales.<\/u><\/strong><\/li>\n<li><strong><u>Atracci\u00f3n de inversiones.<\/u><\/strong><\/li>\n<li><strong><u>Eficiencia h\u00eddrica.<\/u><\/strong><\/li>\n<li><strong><u>Industria, Parques Industriales, Equipamiento industrial.<\/u><\/strong><\/li>\n<li><strong><u>Plus Activa.<\/u><\/strong><\/li>\n<\/ul>\n","protected":false},"excerpt":{"rendered":"<p>El Gobierno de Mendoza\u00a0present\u00f3 semanas atr\u00e1s un proyecto de incentivo a la inversi\u00f3n y al empleo. Se trata de la cuarta &#8230;<\/p>\n","protected":false},"author":7,"featured_media":116522,"comment_status":"open","ping_status":"open","sticky":false,"template":"","format":"standard","meta":{"footnotes":""},"categories":[5,7],"tags":[],"class_list":["post-116521","post","type-post","status-publish","format-standard","has-post-thumbnail","hentry","category-actualidad","category-politica"],"_links":{"self":[{"href":"https:\/\/vinasfm.com\/noticias\/wp-json\/wp\/v2\/posts\/116521","targetHints":{"allow":["GET"]}}],"collection":[{"href":"https:\/\/vinasfm.com\/noticias\/wp-json\/wp\/v2\/posts"}],"about":[{"href":"https:\/\/vinasfm.com\/noticias\/wp-json\/wp\/v2\/types\/post"}],"author":[{"embeddable":true,"href":"https:\/\/vinasfm.com\/noticias\/wp-json\/wp\/v2\/users\/7"}],"replies":[{"embeddable":true,"href":"https:\/\/vinasfm.com\/noticias\/wp-json\/wp\/v2\/comments?post=116521"}],"version-history":[{"count":4,"href":"https:\/\/vinasfm.com\/noticias\/wp-json\/wp\/v2\/posts\/116521\/revisions"}],"predecessor-version":[{"id":116546,"href":"https:\/\/vinasfm.com\/noticias\/wp-json\/wp\/v2\/posts\/116521\/revisions\/116546"}],"wp:featuredmedia":[{"embeddable":true,"href":"https:\/\/vinasfm.com\/noticias\/wp-json\/wp\/v2\/media\/116522"}],"wp:attachment":[{"href":"https:\/\/vinasfm.com\/noticias\/wp-json\/wp\/v2\/media?parent=116521"}],"wp:term":[{"taxonomy":"category","embeddable":true,"href":"https:\/\/vinasfm.com\/noticias\/wp-json\/wp\/v2\/categories?post=116521"},{"taxonomy":"post_tag","embeddable":true,"href":"https:\/\/vinasfm.com\/noticias\/wp-json\/wp\/v2\/tags?post=116521"}],"curies":[{"name":"wp","href":"https:\/\/api.w.org\/{rel}","templated":true}]}}