{"id":116515,"date":"2022-12-02T08:16:53","date_gmt":"2022-12-02T11:16:53","guid":{"rendered":"http:\/\/vinasfm.com\/noticias\/?p=116515"},"modified":"2022-12-05T08:04:20","modified_gmt":"2022-12-05T11:04:20","slug":"noche-de-tango-y-milonga-en-general-alvear","status":"publish","type":"post","link":"https:\/\/vinasfm.com\/noticias\/noche-de-tango-y-milonga-en-general-alvear\/","title":{"rendered":"NOCHE DE TANGO Y MILONGA EN GENERAL ALVEAR"},"content":{"rendered":"<h4><strong>Vanesa Ponce, alumna del taller de Tango de Sal\u00f3n perteneciente a la Escuela Art\u00edstica Alberto Williams, estuvo en F.M VI\u00d1AS y anunci\u00f3 la Noche de Tango y Milonga.<\/strong><\/h4>\n<p>El evento tendr\u00e1 lugar el 7 de diciembre en el restaurant Los Le\u00f1os.<strong><em> &#8216;Si bien en general el evento es un cierre de todo lo que se hace durante el a\u00f1o, nosotros hacemos una invitaci\u00f3n especial porque ser\u00e1 la primer noche de tango y milonga que compartiremos p\u00fablicamente&#8217;<\/em><\/strong> expres\u00f3 Ponce. El espect\u00e1culo contar\u00e1 con n\u00fameros de baile, a cargo del profesor Juan Pablo Guerrera junto a Lisa Lorenzo.<\/p>\n<p><em><strong>&#8216;Para asistir al encuentro hay que realizar una reserva previa&#8217;<\/strong><\/em> explic\u00f3 Vanesa Ponce.<\/p>\n","protected":false},"excerpt":{"rendered":"<p>Vanesa Ponce, alumna del taller de Tango de Sal\u00f3n perteneciente a la Escuela Art\u00edstica Alberto Williams, estuvo en F.M VI\u00d1AS y &#8230;<\/p>\n","protected":false},"author":7,"featured_media":116544,"comment_status":"open","ping_status":"open","sticky":false,"template":"","format":"standard","meta":{"footnotes":""},"categories":[5,19],"tags":[],"class_list":["post-116515","post","type-post","status-publish","format-standard","has-post-thumbnail","hentry","category-actualidad","category-cultura"],"_links":{"self":[{"href":"https:\/\/vinasfm.com\/noticias\/wp-json\/wp\/v2\/posts\/116515","targetHints":{"allow":["GET"]}}],"collection":[{"href":"https:\/\/vinasfm.com\/noticias\/wp-json\/wp\/v2\/posts"}],"about":[{"href":"https:\/\/vinasfm.com\/noticias\/wp-json\/wp\/v2\/types\/post"}],"author":[{"embeddable":true,"href":"https:\/\/vinasfm.com\/noticias\/wp-json\/wp\/v2\/users\/7"}],"replies":[{"embeddable":true,"href":"https:\/\/vinasfm.com\/noticias\/wp-json\/wp\/v2\/comments?post=116515"}],"version-history":[{"count":1,"href":"https:\/\/vinasfm.com\/noticias\/wp-json\/wp\/v2\/posts\/116515\/revisions"}],"predecessor-version":[{"id":116517,"href":"https:\/\/vinasfm.com\/noticias\/wp-json\/wp\/v2\/posts\/116515\/revisions\/116517"}],"wp:featuredmedia":[{"embeddable":true,"href":"https:\/\/vinasfm.com\/noticias\/wp-json\/wp\/v2\/media\/116544"}],"wp:attachment":[{"href":"https:\/\/vinasfm.com\/noticias\/wp-json\/wp\/v2\/media?parent=116515"}],"wp:term":[{"taxonomy":"category","embeddable":true,"href":"https:\/\/vinasfm.com\/noticias\/wp-json\/wp\/v2\/categories?post=116515"},{"taxonomy":"post_tag","embeddable":true,"href":"https:\/\/vinasfm.com\/noticias\/wp-json\/wp\/v2\/tags?post=116515"}],"curies":[{"name":"wp","href":"https:\/\/api.w.org\/{rel}","templated":true}]}}