{"id":116442,"date":"2022-11-30T10:22:12","date_gmt":"2022-11-30T13:22:12","guid":{"rendered":"http:\/\/vinasfm.com\/noticias\/?p=116442"},"modified":"2022-12-01T09:38:33","modified_gmt":"2022-12-01T12:38:33","slug":"evinsur-se-vivio-a-traves-de-cplay","status":"publish","type":"post","link":"https:\/\/vinasfm.com\/noticias\/evinsur-se-vivio-a-traves-de-cplay\/","title":{"rendered":"EVINSUR SE VIVI\u00d3 A TRAV\u00c9S DE CPLAY"},"content":{"rendered":"<h4><strong>Este fin de semana se vivi\u00f3 una nueva edici\u00f3n del Evinsur, y cientos de Alvearenses pudieron apreciarla desde la Plataforma on demand de Cecsagal.<\/strong><\/h4>\n<p>Este s\u00e1bado, en el Sal\u00f3n \u00abFern\u00e1ndez\u00bb, del Predio Ferial de la C\u00e1mara de Comercio local, organizada por ACEGA (Asociaci\u00f3n Centro de En\u00f3logos de General Alvear), se llev\u00f3 a cabo la 27\u00aa edici\u00f3n del Evinsur (Evaluaci\u00f3n de Vinos del Sur).<\/p>\n<p>Desde las 20:30 horas, pudo vivirse en vivo y en directo desde el Canal 39 de CPlay, la plataforma de contenidos on demand de la Cooperativa Cecsagal, que cont\u00f3 no s\u00f3lo con la cobertura del evento, sino tambi\u00e9n con amenas charlas con varios de los principales protagonistas.<\/p>\n<div><a href=\"http:\/\/vinasfm.com\/noticias\/wp-content\/uploads\/2022\/11\/evinsur01.jpg\"><img loading=\"lazy\" decoding=\"async\" class=\"wp-image-116445 aligncenter\" src=\"http:\/\/vinasfm.com\/noticias\/wp-content\/uploads\/2022\/11\/evinsur01.jpg\" alt=\"\" width=\"455\" height=\"205\" srcset=\"https:\/\/vinasfm.com\/noticias\/wp-content\/uploads\/2022\/11\/evinsur01.jpg 1600w, https:\/\/vinasfm.com\/noticias\/wp-content\/uploads\/2022\/11\/evinsur01-300x135.jpg 300w, https:\/\/vinasfm.com\/noticias\/wp-content\/uploads\/2022\/11\/evinsur01-1024x461.jpg 1024w, https:\/\/vinasfm.com\/noticias\/wp-content\/uploads\/2022\/11\/evinsur01-768x346.jpg 768w, https:\/\/vinasfm.com\/noticias\/wp-content\/uploads\/2022\/11\/evinsur01-1536x691.jpg 1536w\" sizes=\"auto, (max-width: 455px) 100vw, 455px\" \/><\/a><br \/>\nValeria Chess\u00e9, Presidenta del Centro de En\u00f3logos, se mostr\u00f3 satisfecha con la transmisi\u00f3n, y sobre Evinsur, se\u00f1al\u00f3: <em><strong>&#8216;Superamos nuestras expectativas. Tuvimos m\u00e1s de 30 muestras, de las cuales seleccionamos nueve, entre las que se cuentan Naranjo, tintos con madera, y otras variedades, con muchos aromas, frutos y colores&#8217;.<\/strong><\/em><\/div>\n<div><a href=\"http:\/\/vinasfm.com\/noticias\/wp-content\/uploads\/2022\/11\/copas_vino.jpg\"><img loading=\"lazy\" decoding=\"async\" class=\"wp-image-116446 aligncenter\" src=\"http:\/\/vinasfm.com\/noticias\/wp-content\/uploads\/2022\/11\/copas_vino.jpg\" alt=\"\" width=\"455\" height=\"256\" srcset=\"https:\/\/vinasfm.com\/noticias\/wp-content\/uploads\/2022\/11\/copas_vino.jpg 960w, https:\/\/vinasfm.com\/noticias\/wp-content\/uploads\/2022\/11\/copas_vino-300x169.jpg 300w, https:\/\/vinasfm.com\/noticias\/wp-content\/uploads\/2022\/11\/copas_vino-768x432.jpg 768w, https:\/\/vinasfm.com\/noticias\/wp-content\/uploads\/2022\/11\/copas_vino-750x420.jpg 750w\" sizes=\"auto, (max-width: 455px) 100vw, 455px\" \/><\/a><\/div>\n<div>El intendente Walther Marcolini, remarc\u00f3 sobre la importancia que tiene el hecho de que la gente de la regi\u00f3n pueda comprobar la calidad y variedad de los vinos el Valle Sud del Atuel, que gozan de excelente prestigio en el pa\u00eds, mientras que Fabiana Gonz\u00e1lez, de visita en el estudio de CPlay, montado en el lugar, indic\u00f3: <em><strong>&#8216;Evinsur, ya se ha posicionado en la agenda de los mendocinos, porque es un evento que nos tiene acostumbrados a buenos sabores, excelentes vinos y a pasar grandes momentos, que tambi\u00e9n vienen de la mano con la gastronom\u00eda y la posibilidad de realizar maridajes de excelencia con los vinos presentados&#8217;.<\/strong><\/em><\/div>\n<div>Con esta nueva transmisi\u00f3n, CPlay refuerza el importante precepto de llevar a los hogares de sus asociados, cada detalle de los eventos sociales y culturales m\u00e1s importantes de la regi\u00f3n.<\/div>\n","protected":false},"excerpt":{"rendered":"<p>Este fin de semana se vivi\u00f3 una nueva edici\u00f3n del Evinsur, y cientos de Alvearenses pudieron apreciarla desde la Plataforma on &#8230;<\/p>\n","protected":false},"author":7,"featured_media":116443,"comment_status":"open","ping_status":"open","sticky":false,"template":"","format":"standard","meta":{"footnotes":""},"categories":[5,10],"tags":[],"class_list":["post-116442","post","type-post","status-publish","format-standard","has-post-thumbnail","hentry","category-actualidad","category-destacadas"],"_links":{"self":[{"href":"https:\/\/vinasfm.com\/noticias\/wp-json\/wp\/v2\/posts\/116442","targetHints":{"allow":["GET"]}}],"collection":[{"href":"https:\/\/vinasfm.com\/noticias\/wp-json\/wp\/v2\/posts"}],"about":[{"href":"https:\/\/vinasfm.com\/noticias\/wp-json\/wp\/v2\/types\/post"}],"author":[{"embeddable":true,"href":"https:\/\/vinasfm.com\/noticias\/wp-json\/wp\/v2\/users\/7"}],"replies":[{"embeddable":true,"href":"https:\/\/vinasfm.com\/noticias\/wp-json\/wp\/v2\/comments?post=116442"}],"version-history":[{"count":2,"href":"https:\/\/vinasfm.com\/noticias\/wp-json\/wp\/v2\/posts\/116442\/revisions"}],"predecessor-version":[{"id":116485,"href":"https:\/\/vinasfm.com\/noticias\/wp-json\/wp\/v2\/posts\/116442\/revisions\/116485"}],"wp:featuredmedia":[{"embeddable":true,"href":"https:\/\/vinasfm.com\/noticias\/wp-json\/wp\/v2\/media\/116443"}],"wp:attachment":[{"href":"https:\/\/vinasfm.com\/noticias\/wp-json\/wp\/v2\/media?parent=116442"}],"wp:term":[{"taxonomy":"category","embeddable":true,"href":"https:\/\/vinasfm.com\/noticias\/wp-json\/wp\/v2\/categories?post=116442"},{"taxonomy":"post_tag","embeddable":true,"href":"https:\/\/vinasfm.com\/noticias\/wp-json\/wp\/v2\/tags?post=116442"}],"curies":[{"name":"wp","href":"https:\/\/api.w.org\/{rel}","templated":true}]}}