{"id":116336,"date":"2022-11-28T09:17:00","date_gmt":"2022-11-28T12:17:00","guid":{"rendered":"http:\/\/vinasfm.com\/noticias\/?p=116336"},"modified":"2022-11-28T09:23:13","modified_gmt":"2022-11-28T12:23:13","slug":"pronostico-altas-temperaturas-se-esperan-para-la-semana","status":"publish","type":"post","link":"https:\/\/vinasfm.com\/noticias\/pronostico-altas-temperaturas-se-esperan-para-la-semana\/","title":{"rendered":"PRONOSTICO: ALTAS TEMPERATURAS SE ESPERAN PARA LA SEMANA"},"content":{"rendered":"<h4><strong>La altas temperaturas van cerrando la primavera, dando paso a lo que se espera sea un verano caluroso.<\/strong><\/h4>\n<p>Este <em><strong>lunes<\/strong> <\/em>la semana inicia con el d\u00eda parcialmente nublado que traer\u00e1 tormentas, principalmente, para la tarde y la noche. <strong><em>M\u00ednima 21\u00b0, m\u00e1xima 37\u00b0.<\/em><\/strong><\/p>\n<p>La jornada del <strong><em>martes<\/em><\/strong> se espera que ser\u00e1 mayormente nublada con probabilidad de tormentas aisladas durante la tarde. La temperatura seguir\u00e1 incrementando,<strong><em> la m\u00ednima ser\u00e1 22\u00b0 y la m\u00e1xima 32\u00b0.<\/em><\/strong><\/p>\n<p>El <strong><em>mi\u00e9rcoles<\/em><\/strong> culmina el mes y comienza a descender la temperatura, se espera que <strong><em>la m\u00ednima sea 17\u00b0 y la m\u00e1xima 28\u00b0.<\/em><\/strong> Durante la madrugada y hasta cierta parte de la tarde el cielo permanecer\u00e1 parcialmente nublado, posteriormente habr\u00e1 presencia de tormentas aisladas.<\/p>\n<p>El \u00faltimo mes del a\u00f1o inicia <em><strong>jueves<\/strong><\/em> ser\u00e1 el d\u00eda m\u00e1s \u00abfresco\u00bb,<strong><em> la m\u00ednima ser\u00e1 16\u00b0 y la m\u00e1xima 26\u00b0.<\/em><\/strong> El d\u00eda permanecer\u00e1 ligeramente nublado.<\/p>\n<p>El <em><strong>viernes 2 de diciembre<\/strong><\/em>\u00a0culmina la semana con un incremento en la temperatura, <em><strong>15\u00b0 la m\u00ednima y 33\u00b0 se espera sea la m\u00e1xima.<\/strong><\/em> El d\u00eda permanecer\u00e1 despejado con aparici\u00f3n de algunas nubes hacia la noche.<\/p>\n","protected":false},"excerpt":{"rendered":"<p>La altas temperaturas van cerrando la primavera, dando paso a lo que se espera sea un verano caluroso. Este lunes la &#8230;<\/p>\n","protected":false},"author":7,"featured_media":116343,"comment_status":"open","ping_status":"open","sticky":false,"template":"","format":"standard","meta":{"footnotes":""},"categories":[5,17],"tags":[],"class_list":["post-116336","post","type-post","status-publish","format-standard","has-post-thumbnail","hentry","category-actualidad","category-clima"],"_links":{"self":[{"href":"https:\/\/vinasfm.com\/noticias\/wp-json\/wp\/v2\/posts\/116336","targetHints":{"allow":["GET"]}}],"collection":[{"href":"https:\/\/vinasfm.com\/noticias\/wp-json\/wp\/v2\/posts"}],"about":[{"href":"https:\/\/vinasfm.com\/noticias\/wp-json\/wp\/v2\/types\/post"}],"author":[{"embeddable":true,"href":"https:\/\/vinasfm.com\/noticias\/wp-json\/wp\/v2\/users\/7"}],"replies":[{"embeddable":true,"href":"https:\/\/vinasfm.com\/noticias\/wp-json\/wp\/v2\/comments?post=116336"}],"version-history":[{"count":1,"href":"https:\/\/vinasfm.com\/noticias\/wp-json\/wp\/v2\/posts\/116336\/revisions"}],"predecessor-version":[{"id":116341,"href":"https:\/\/vinasfm.com\/noticias\/wp-json\/wp\/v2\/posts\/116336\/revisions\/116341"}],"wp:featuredmedia":[{"embeddable":true,"href":"https:\/\/vinasfm.com\/noticias\/wp-json\/wp\/v2\/media\/116343"}],"wp:attachment":[{"href":"https:\/\/vinasfm.com\/noticias\/wp-json\/wp\/v2\/media?parent=116336"}],"wp:term":[{"taxonomy":"category","embeddable":true,"href":"https:\/\/vinasfm.com\/noticias\/wp-json\/wp\/v2\/categories?post=116336"},{"taxonomy":"post_tag","embeddable":true,"href":"https:\/\/vinasfm.com\/noticias\/wp-json\/wp\/v2\/tags?post=116336"}],"curies":[{"name":"wp","href":"https:\/\/api.w.org\/{rel}","templated":true}]}}