{"id":116250,"date":"2022-11-25T08:47:38","date_gmt":"2022-11-25T11:47:38","guid":{"rendered":"http:\/\/vinasfm.com\/noticias\/?p=116250"},"modified":"2022-11-27T20:52:55","modified_gmt":"2022-11-27T23:52:55","slug":"tolerancia-cero-obtuvo-media-sancion-en-la-camara-de-diputados-de-la-nacion","status":"publish","type":"post","link":"https:\/\/vinasfm.com\/noticias\/tolerancia-cero-obtuvo-media-sancion-en-la-camara-de-diputados-de-la-nacion\/","title":{"rendered":"&#8216;TOLERANCIA CERO&#8217; OBTUVO MEDIA SANCI\u00d3N EN LA C\u00c1MARA DE DIPUTADOS DE LA NACI\u00d3N"},"content":{"rendered":"<h4><strong>En el \u201cD\u00eda del Vino Argentino\u201d, la C\u00e1mara de Diputados de la Naci\u00f3n dio media sanci\u00f3n al proyecto que establece alcohol cero al volante.\u00a0<\/strong><\/h4>\n<p>La C\u00e1mara de\u00a0<strong>Diputados\u00a0<\/strong>de la Naci\u00f3n dio media sanci\u00f3n a la modificaci\u00f3n\u00a0de la Ley\u00a024.449, donde se contempla la implementaci\u00f3n de\u00a0<strong>tolerancia cero<\/strong>\u00a0en el consumo de\u00a0<strong>alcohol<\/strong><b>\u00a0<\/b>a la hora de conducir un veh\u00edculo. La normativa tiene impacto en todo el territorio nacional y consiste en la reducci\u00f3n\u00a0de 0,5 a 0 miligramos la cantidad de\u00a0<strong>alcohol\u00a0<\/strong>por litro de sangre.<\/p>\n<p>La iniciativa tuvo 193 votos afirmativos, 19 negativos y 4 abstenciones. Resta que la iniciativa pase por el Senado de la Naci\u00f3n para finalmente convertirse en ley.<\/p>\n<p>Esta aprobaci\u00f3n gener\u00f3 pol\u00e9mica y resistencia en Mendoza,\u00a0<strong>que ya decidi\u00f3 que no aplicar\u00e1 la legislaci\u00f3n en las rutas provinciales.<\/strong><\/p>\n<p><strong>&#8216;Somos la capital internacional del vino&#8217;<\/strong>, se\u00f1alaron desde el cuarto piso de la Casa de Gobierno mostrando desacuerdo con lo sancionado por la C\u00e1mara Baja. <strong><em>&#8216;Es por eso que si el proyecto se convierte en ley, <\/em><em>la jurisdicci\u00f3n se aplicar\u00e1 para las rutas nacionales&#8217;<\/em>,<\/strong>\u00a0seg\u00fan dieron a entender en el Ejecutivo.<\/p>\n<p>&nbsp;<\/p>\n","protected":false},"excerpt":{"rendered":"<p>En el \u201cD\u00eda del Vino Argentino\u201d, la C\u00e1mara de Diputados de la Naci\u00f3n dio media sanci\u00f3n al proyecto que establece alcohol &#8230;<\/p>\n","protected":false},"author":7,"featured_media":116251,"comment_status":"open","ping_status":"open","sticky":false,"template":"","format":"standard","meta":{"footnotes":""},"categories":[5,10],"tags":[],"class_list":["post-116250","post","type-post","status-publish","format-standard","has-post-thumbnail","hentry","category-actualidad","category-destacadas"],"_links":{"self":[{"href":"https:\/\/vinasfm.com\/noticias\/wp-json\/wp\/v2\/posts\/116250","targetHints":{"allow":["GET"]}}],"collection":[{"href":"https:\/\/vinasfm.com\/noticias\/wp-json\/wp\/v2\/posts"}],"about":[{"href":"https:\/\/vinasfm.com\/noticias\/wp-json\/wp\/v2\/types\/post"}],"author":[{"embeddable":true,"href":"https:\/\/vinasfm.com\/noticias\/wp-json\/wp\/v2\/users\/7"}],"replies":[{"embeddable":true,"href":"https:\/\/vinasfm.com\/noticias\/wp-json\/wp\/v2\/comments?post=116250"}],"version-history":[{"count":1,"href":"https:\/\/vinasfm.com\/noticias\/wp-json\/wp\/v2\/posts\/116250\/revisions"}],"predecessor-version":[{"id":116252,"href":"https:\/\/vinasfm.com\/noticias\/wp-json\/wp\/v2\/posts\/116250\/revisions\/116252"}],"wp:featuredmedia":[{"embeddable":true,"href":"https:\/\/vinasfm.com\/noticias\/wp-json\/wp\/v2\/media\/116251"}],"wp:attachment":[{"href":"https:\/\/vinasfm.com\/noticias\/wp-json\/wp\/v2\/media?parent=116250"}],"wp:term":[{"taxonomy":"category","embeddable":true,"href":"https:\/\/vinasfm.com\/noticias\/wp-json\/wp\/v2\/categories?post=116250"},{"taxonomy":"post_tag","embeddable":true,"href":"https:\/\/vinasfm.com\/noticias\/wp-json\/wp\/v2\/tags?post=116250"}],"curies":[{"name":"wp","href":"https:\/\/api.w.org\/{rel}","templated":true}]}}