{"id":116247,"date":"2022-11-25T08:37:55","date_gmt":"2022-11-25T11:37:55","guid":{"rendered":"http:\/\/vinasfm.com\/noticias\/?p=116247"},"modified":"2022-11-27T20:47:49","modified_gmt":"2022-11-27T23:47:49","slug":"el-programa-mejoro-mi-casa-concreto-la-entrega-de-15-viviendas-mas","status":"publish","type":"post","link":"https:\/\/vinasfm.com\/noticias\/el-programa-mejoro-mi-casa-concreto-la-entrega-de-15-viviendas-mas\/","title":{"rendered":"EL PROGRAMA \u00abMEJORO MI CASA\u00bb CONCRET\u00d3 LA ENTREGA DE 15 VIVIENDAS M\u00c1S"},"content":{"rendered":"<h4><strong>\u00abMejoro mi Casa\u00bb es un programa impulsado y financiado por el Gobierno Provincial, que involucra la participaci\u00f3n de los municipios. Est\u00e1 destinado a atender las necesidades de grupos familiares que ya poseen vivienda, pero que, por su situaci\u00f3n de precariedad o hacinamiento, necesitan de la intervenci\u00f3n del Estado.<\/strong><\/h4>\n<p>Luego de haber licitado, a inicios de a\u00f1o, los 162 mejoramientos y ampliaciones de hogares dirigidos a General Alvear, Guillermo Montefusque, Gerente de Habitat junto con Fabian Gim\u00e9nez, Director de Vivienda hicieron entrega de 15 mejoramientos terminados. Con esta nueva entrega ya son 43 proyectos culminados y se estima que para febrero ya estar\u00edan listos en su totalidad.<\/p>\n<p><em><strong>&#8216;Este programa trata de solucionar es el problema cualitativo, problemas de asentamiento, ambientales y sanitarios que tiene ala gente en su vivienda&#8217;<\/strong> <\/em>explic\u00f3 Montefusque y detall\u00f3 que<strong><em> &#8216;en Mendoza hay un 60% de d\u00e9ficit cualitativo que requiere las soluciones seg\u00fan demande cada familia&#8217;.\u00a0<\/em><\/strong><\/p>\n<p>El Director de Vivienda, Fabi\u00e1n G\u00f3mez expres\u00f3: <strong><em>&#8216;estos programas son muy importantes para poder mejorar la calidad de vida de las familias que ya tienen una vivienda y permite poder ayudar a las familias dentro del d\u00e9ficit&#8217;.\u00a0<\/em><\/strong>El programa comenz\u00f3 hace poco mas de 2 a\u00f1os trabajando con la demanda, desde Direcci\u00f3n de Vivienda de realiz\u00f3 un recuento de familias que requer\u00edan realizar las mejoras.<\/p>\n<p>Mar\u00eda Elena S\u00e1rate, quien result\u00f3 beneficiada, dio a conocer su contento <em><strong>&#8216;era una gran posibilidad que se present\u00f3 y la aprovechamos. Ahora tenemos todas las comodidades necesarias&#8217;.\u00a0<\/strong><\/em><\/p>\n","protected":false},"excerpt":{"rendered":"<p>\u00abMejoro mi Casa\u00bb es un programa impulsado y financiado por el Gobierno Provincial, que involucra la participaci\u00f3n de los municipios. Est\u00e1 &#8230;<\/p>\n","protected":false},"author":7,"featured_media":116248,"comment_status":"open","ping_status":"open","sticky":false,"template":"","format":"standard","meta":{"footnotes":""},"categories":[5,10],"tags":[],"class_list":["post-116247","post","type-post","status-publish","format-standard","has-post-thumbnail","hentry","category-actualidad","category-destacadas"],"_links":{"self":[{"href":"https:\/\/vinasfm.com\/noticias\/wp-json\/wp\/v2\/posts\/116247","targetHints":{"allow":["GET"]}}],"collection":[{"href":"https:\/\/vinasfm.com\/noticias\/wp-json\/wp\/v2\/posts"}],"about":[{"href":"https:\/\/vinasfm.com\/noticias\/wp-json\/wp\/v2\/types\/post"}],"author":[{"embeddable":true,"href":"https:\/\/vinasfm.com\/noticias\/wp-json\/wp\/v2\/users\/7"}],"replies":[{"embeddable":true,"href":"https:\/\/vinasfm.com\/noticias\/wp-json\/wp\/v2\/comments?post=116247"}],"version-history":[{"count":3,"href":"https:\/\/vinasfm.com\/noticias\/wp-json\/wp\/v2\/posts\/116247\/revisions"}],"predecessor-version":[{"id":116302,"href":"https:\/\/vinasfm.com\/noticias\/wp-json\/wp\/v2\/posts\/116247\/revisions\/116302"}],"wp:featuredmedia":[{"embeddable":true,"href":"https:\/\/vinasfm.com\/noticias\/wp-json\/wp\/v2\/media\/116248"}],"wp:attachment":[{"href":"https:\/\/vinasfm.com\/noticias\/wp-json\/wp\/v2\/media?parent=116247"}],"wp:term":[{"taxonomy":"category","embeddable":true,"href":"https:\/\/vinasfm.com\/noticias\/wp-json\/wp\/v2\/categories?post=116247"},{"taxonomy":"post_tag","embeddable":true,"href":"https:\/\/vinasfm.com\/noticias\/wp-json\/wp\/v2\/tags?post=116247"}],"curies":[{"name":"wp","href":"https:\/\/api.w.org\/{rel}","templated":true}]}}