{"id":116190,"date":"2022-11-23T10:21:54","date_gmt":"2022-11-23T13:21:54","guid":{"rendered":"http:\/\/vinasfm.com\/noticias\/?p=116190"},"modified":"2022-11-24T11:19:43","modified_gmt":"2022-11-24T14:19:43","slug":"el-heroe-del-ara-san-juan-hernan-rodriguez-ya-tiene-una-escuela-con-su-nombre-en-san-rafael","status":"publish","type":"post","link":"https:\/\/vinasfm.com\/noticias\/el-heroe-del-ara-san-juan-hernan-rodriguez-ya-tiene-una-escuela-con-su-nombre-en-san-rafael\/","title":{"rendered":"EL H\u00c9ROE DEL ARA SAN JUAN, HERN\u00c1N RODR\u00cdGUEZ, YA TIENE UNA ESCUELA CON SU NOMBRE EN SAN RAFAEL"},"content":{"rendered":"<h4><strong>San Rafael es parte de un proceso hist\u00f3rico. Por primera vez un h\u00e9roe del ARA San Juan le da su nombre a una instituci\u00f3n educativa. Es que la Escuela 2-053 de Villa Atuel realiz\u00f3 el acto de imposici\u00f3n de \u201cHern\u00e1n Rodr\u00edguez Ramos\u201d a su edificio.<\/strong><\/h4>\n<p>En la sede escolar de Balbino Arizu y Agust\u00edn \u00c1lvarez se hicieron presentes autoridades locales y provinciales para acompa\u00f1ar a la comunidad educativa y a los familiares de Hern\u00e1n Rodr\u00edguez quienes se hicieron presentes en el evento.<\/p>\n<p><span class=\"sigijh_hlt sigijh_animateMe\">Su madre Tita Ramos, su esposa Marcela Moyano, su hermano Claudio Rodr\u00edguez y otros integrantes de la familia estuvieron presentes con sus banderas por la memoria activa de Hern\u00e1n y los otros 43 tripulantes del submarino.<\/span><\/p>\n<p>Con mucha emoci\u00f3n la esposa de Hern\u00e1n Rodr\u00edguez tom\u00f3 el micr\u00f3fono, destacando que existe una mezcla de tristeza y orgullo, a la vez que se\u00f1al\u00f3 que<strong><em> &#8216;esto es muy importante para toda nuestra provincia y el pa\u00eds. Ojal\u00e1 sea el puntapi\u00e9 inicial para que haya m\u00e1s plazas, escuelas y calles con el nombre de los h\u00e9roes del ARA San Juan&#8217;.<\/em><\/strong><\/p>\n<p>En este marco se record\u00f3 que est\u00e1 la propuesta para que la ruta provincial 171 entre Real del Padre y Monte Com\u00e1n lleve el nombre del submarinista.<br \/>\n<em><strong>&#8216;Fue un proceso largo pero hermoso. Hoy nuestra escuela lleva el nombre de un h\u00e9roe de la patria y es un gran patrono para nuestra instituci\u00f3n, para nuestros chicos y para toda la comunidad de Villa Atuel y San Rafael&#8217;<\/strong><\/em>, dijo emocionada la directora Andrea Rodr\u00edguez, al momento de descubrir la placa y el mural que da nombre a la instituci\u00f3n educativa.<\/p>\n","protected":false},"excerpt":{"rendered":"<p>San Rafael es parte de un proceso hist\u00f3rico. Por primera vez un h\u00e9roe del ARA San Juan le da su nombre &#8230;<\/p>\n","protected":false},"author":7,"featured_media":116191,"comment_status":"open","ping_status":"open","sticky":false,"template":"","format":"standard","meta":{"footnotes":""},"categories":[5,11],"tags":[],"class_list":["post-116190","post","type-post","status-publish","format-standard","has-post-thumbnail","hentry","category-actualidad","category-sociales"],"_links":{"self":[{"href":"https:\/\/vinasfm.com\/noticias\/wp-json\/wp\/v2\/posts\/116190","targetHints":{"allow":["GET"]}}],"collection":[{"href":"https:\/\/vinasfm.com\/noticias\/wp-json\/wp\/v2\/posts"}],"about":[{"href":"https:\/\/vinasfm.com\/noticias\/wp-json\/wp\/v2\/types\/post"}],"author":[{"embeddable":true,"href":"https:\/\/vinasfm.com\/noticias\/wp-json\/wp\/v2\/users\/7"}],"replies":[{"embeddable":true,"href":"https:\/\/vinasfm.com\/noticias\/wp-json\/wp\/v2\/comments?post=116190"}],"version-history":[{"count":1,"href":"https:\/\/vinasfm.com\/noticias\/wp-json\/wp\/v2\/posts\/116190\/revisions"}],"predecessor-version":[{"id":116192,"href":"https:\/\/vinasfm.com\/noticias\/wp-json\/wp\/v2\/posts\/116190\/revisions\/116192"}],"wp:featuredmedia":[{"embeddable":true,"href":"https:\/\/vinasfm.com\/noticias\/wp-json\/wp\/v2\/media\/116191"}],"wp:attachment":[{"href":"https:\/\/vinasfm.com\/noticias\/wp-json\/wp\/v2\/media?parent=116190"}],"wp:term":[{"taxonomy":"category","embeddable":true,"href":"https:\/\/vinasfm.com\/noticias\/wp-json\/wp\/v2\/categories?post=116190"},{"taxonomy":"post_tag","embeddable":true,"href":"https:\/\/vinasfm.com\/noticias\/wp-json\/wp\/v2\/tags?post=116190"}],"curies":[{"name":"wp","href":"https:\/\/api.w.org\/{rel}","templated":true}]}}