{"id":116184,"date":"2022-11-23T09:52:34","date_gmt":"2022-11-23T12:52:34","guid":{"rendered":"http:\/\/vinasfm.com\/noticias\/?p=116184"},"modified":"2022-11-24T08:24:09","modified_gmt":"2022-11-24T11:24:09","slug":"el-genetista-nahuel-villegas-fue-reconocido-por-el-consejo-deliberante","status":"publish","type":"post","link":"https:\/\/vinasfm.com\/noticias\/el-genetista-nahuel-villegas-fue-reconocido-por-el-consejo-deliberante\/","title":{"rendered":"EL GENETISTA NAHUEL VILLEGAS FUE CONDECORADO POR EL HCD"},"content":{"rendered":"<h4><strong>El pasado martes 22 de noviembre se realiz\u00f3 entrega de un reconocimiento al genetista alvearense Nahuel Villegas por su aporte a la ciencia mundial.\u00a0<\/strong><\/h4>\n<p>Nahuel Villegas, quien se desempe\u00f1a como director del Laboratorio de la <strong>Start-up Londinense Vivan, <\/strong>estuvo d\u00edas atr\u00e1s de vacaciones en su ciudad natal y present\u00f3 en el Hospital Universitario de la Universidad Nacional de Cuyo, de la ciudad de Mendoza, una t\u00e9cnica innovadora de identificaci\u00f3n de tratamientos oncol\u00f3gicos personalizados. Por su labor de trascendencia mundial, el Concejo Deliberante le hizo entrega de un reconocimiento.<\/p>\n<p><strong><em>&#8216;Es bastante gratificante que personas de tu misma ciudad te den un reconocimiento de este tipo&#8217;<\/em><\/strong> expres\u00f3 Villegas y agreg\u00f3 <em><strong>&#8216;es incomodo cuando pensamos en que hay personas afuera trabajando de sol a sol y el fruto de su trabajo no es reconocido&#8217;.\u00a0<\/strong><\/em>Nahuel coment\u00f3 que el principal motivo de su presencia en el departamento era visitar familia y amigos, pero adem\u00e1s aprovech\u00f3 su estad\u00eda para concretar reuniones con doctores que se especializan en tratamientos oncol\u00f3gicos.<strong><em> &#8216;Nuestra tarea est\u00e1 concentrada en Europa, por localizaci\u00f3n, pero lo que me interesa es comenzar a trabajar en Argentina y traer estos tratamientos&#8217;<\/em><\/strong> declar\u00f3.<\/p>\n<h6>G. Vallejos<\/h6>\n","protected":false},"excerpt":{"rendered":"<p>El pasado martes 22 de noviembre se realiz\u00f3 entrega de un reconocimiento al genetista alvearense Nahuel Villegas por su aporte a &#8230;<\/p>\n","protected":false},"author":7,"featured_media":116185,"comment_status":"open","ping_status":"open","sticky":false,"template":"","format":"standard","meta":{"footnotes":""},"categories":[5,10],"tags":[],"class_list":["post-116184","post","type-post","status-publish","format-standard","has-post-thumbnail","hentry","category-actualidad","category-destacadas"],"_links":{"self":[{"href":"https:\/\/vinasfm.com\/noticias\/wp-json\/wp\/v2\/posts\/116184","targetHints":{"allow":["GET"]}}],"collection":[{"href":"https:\/\/vinasfm.com\/noticias\/wp-json\/wp\/v2\/posts"}],"about":[{"href":"https:\/\/vinasfm.com\/noticias\/wp-json\/wp\/v2\/types\/post"}],"author":[{"embeddable":true,"href":"https:\/\/vinasfm.com\/noticias\/wp-json\/wp\/v2\/users\/7"}],"replies":[{"embeddable":true,"href":"https:\/\/vinasfm.com\/noticias\/wp-json\/wp\/v2\/comments?post=116184"}],"version-history":[{"count":4,"href":"https:\/\/vinasfm.com\/noticias\/wp-json\/wp\/v2\/posts\/116184\/revisions"}],"predecessor-version":[{"id":116198,"href":"https:\/\/vinasfm.com\/noticias\/wp-json\/wp\/v2\/posts\/116184\/revisions\/116198"}],"wp:featuredmedia":[{"embeddable":true,"href":"https:\/\/vinasfm.com\/noticias\/wp-json\/wp\/v2\/media\/116185"}],"wp:attachment":[{"href":"https:\/\/vinasfm.com\/noticias\/wp-json\/wp\/v2\/media?parent=116184"}],"wp:term":[{"taxonomy":"category","embeddable":true,"href":"https:\/\/vinasfm.com\/noticias\/wp-json\/wp\/v2\/categories?post=116184"},{"taxonomy":"post_tag","embeddable":true,"href":"https:\/\/vinasfm.com\/noticias\/wp-json\/wp\/v2\/tags?post=116184"}],"curies":[{"name":"wp","href":"https:\/\/api.w.org\/{rel}","templated":true}]}}