{"id":116179,"date":"2022-11-23T09:32:20","date_gmt":"2022-11-23T12:32:20","guid":{"rendered":"http:\/\/vinasfm.com\/noticias\/?p=116179"},"modified":"2022-11-24T08:22:03","modified_gmt":"2022-11-24T11:22:03","slug":"productores-afectados-por-heladas-ya-pueden-registrar-sus-perdidas-para-el-relevamiento-oficial","status":"publish","type":"post","link":"https:\/\/vinasfm.com\/noticias\/productores-afectados-por-heladas-ya-pueden-registrar-sus-perdidas-para-el-relevamiento-oficial\/","title":{"rendered":"PRODUCTORES AFECTADOS POR HELADAS YA PUEDEN REGISTRAR SUS P\u00c9RDIDAS PARA EL RELEVAMIENTO OFICIAL"},"content":{"rendered":"<h4><strong>20 d\u00edas despu\u00e9s de la helada tard\u00eda que afect\u00f3 buena parte de los cultivos de la Provincia, la Direcci\u00f3n de Contingencias Clim\u00e1ticas abri\u00f3 oficialmente el registro para que los afectados hagan la denuncia.\u00a0<\/strong><\/h4>\n<article class=\"article-body third-p\">\n<div class=\"article-content\">\n<div class=\"cuerpo\" data-twitter-link=\"\">\n<p>A d\u00edas de la helada tard\u00eda que afect\u00f3 a buena parte de la<strong>\u00a0<em>producci\u00f3n de vid y frutales de Mendoza<\/em><\/strong><em>,<\/em> los t\u00e9cnicos de la Direcci\u00f3n de Contingencias Clim\u00e1ticas realizaron un informe probabil\u00edstico basado en los registro de los \u00faltimos seis a\u00f1os.<\/p>\n<p>Ese informe arroj\u00f3 que\u00a0<em><strong>por las bajas temperaturas se afectaron alrededor de 40.000 hect\u00e1reas de la Provincia, de las cuales 24.000 aproximadamente sufrieron p\u00e9rdidas del 100%.<\/strong><\/em><\/p>\n<p>Esos datos, basados en una simulaci\u00f3n, pueden no ser exactos.\u00a0<em><strong>Reci\u00e9n la dimensi\u00f3n real del da\u00f1o se conocer\u00e1 una vez que se releven las superficies tras las denuncias de los productores.<\/strong><\/em><\/p>\n<p>Estos podr\u00e1n presentar sus informes a partir de este martes y hasta el 5 de diciembre en las delegaciones y centros receptores de la Direcci\u00f3n de Contingencias Clim\u00e1ticas, o a trav\u00e9s de la Sistema de Informaci\u00f3n Agr\u00edcola (<strong>www.sia.mendoza.gov.ar<\/strong>) en caso de que tengan el RUT Digital aceptado.<\/p>\n<p>Una vez vencido el plazo, los peritos har\u00e1n una recorrida para realizar el relevamiento final y definitivo del da\u00f1o.<\/p>\n<p>Con su visi\u00f3n,\u00a0<em><strong>determinar\u00e1n si el productor sufri\u00f3 una situaci\u00f3n de emergencia o de desastre<\/strong>.<\/em> El primer caso se da cuando se perdieron entre el 50% y el 79% de los cultivos, y el segundo cuando se perdi\u00f3 del 80% al 100%.<\/p>\n<p>De este c\u00e1lculo depender\u00e1 luego la posibilidad de acceder a diferentes medidas tanto en la Provincia como en la Naci\u00f3n, sean subsidios, cr\u00e9ditos, descuentos o ayudas de empleo.<\/p>\n<\/div>\n<\/div>\n<\/article>\n","protected":false},"excerpt":{"rendered":"<p>20 d\u00edas despu\u00e9s de la helada tard\u00eda que afect\u00f3 buena parte de los cultivos de la Provincia, la Direcci\u00f3n de Contingencias &#8230;<\/p>\n","protected":false},"author":7,"featured_media":116180,"comment_status":"open","ping_status":"open","sticky":false,"template":"","format":"standard","meta":{"footnotes":""},"categories":[5,14],"tags":[],"class_list":["post-116179","post","type-post","status-publish","format-standard","has-post-thumbnail","hentry","category-actualidad","category-agro"],"_links":{"self":[{"href":"https:\/\/vinasfm.com\/noticias\/wp-json\/wp\/v2\/posts\/116179","targetHints":{"allow":["GET"]}}],"collection":[{"href":"https:\/\/vinasfm.com\/noticias\/wp-json\/wp\/v2\/posts"}],"about":[{"href":"https:\/\/vinasfm.com\/noticias\/wp-json\/wp\/v2\/types\/post"}],"author":[{"embeddable":true,"href":"https:\/\/vinasfm.com\/noticias\/wp-json\/wp\/v2\/users\/7"}],"replies":[{"embeddable":true,"href":"https:\/\/vinasfm.com\/noticias\/wp-json\/wp\/v2\/comments?post=116179"}],"version-history":[{"count":1,"href":"https:\/\/vinasfm.com\/noticias\/wp-json\/wp\/v2\/posts\/116179\/revisions"}],"predecessor-version":[{"id":116183,"href":"https:\/\/vinasfm.com\/noticias\/wp-json\/wp\/v2\/posts\/116179\/revisions\/116183"}],"wp:featuredmedia":[{"embeddable":true,"href":"https:\/\/vinasfm.com\/noticias\/wp-json\/wp\/v2\/media\/116180"}],"wp:attachment":[{"href":"https:\/\/vinasfm.com\/noticias\/wp-json\/wp\/v2\/media?parent=116179"}],"wp:term":[{"taxonomy":"category","embeddable":true,"href":"https:\/\/vinasfm.com\/noticias\/wp-json\/wp\/v2\/categories?post=116179"},{"taxonomy":"post_tag","embeddable":true,"href":"https:\/\/vinasfm.com\/noticias\/wp-json\/wp\/v2\/tags?post=116179"}],"curies":[{"name":"wp","href":"https:\/\/api.w.org\/{rel}","templated":true}]}}