{"id":116142,"date":"2022-11-22T10:32:38","date_gmt":"2022-11-22T13:32:38","guid":{"rendered":"http:\/\/vinasfm.com\/noticias\/?p=116142"},"modified":"2022-11-23T09:18:50","modified_gmt":"2022-11-23T12:18:50","slug":"la-fuerte-objecion-que-recibio-el-proyecto-minero-que-anhela-suarez","status":"publish","type":"post","link":"https:\/\/vinasfm.com\/noticias\/la-fuerte-objecion-que-recibio-el-proyecto-minero-que-anhela-suarez\/","title":{"rendered":"LA FUERTE OBJECI\u00d3N QUE RECIBI\u00d3 EL PROYECTO MINERO QUE ANHELA SUAREZ"},"content":{"rendered":"<h4><strong><em>El Gobierno busca que el proyecto minero Cerro Amarillo se apruebe antes de fin de a\u00f1o. Ambientalistas opinaron de la iniciativa y advirtieron que la Declaraci\u00f3n de Impacto Ambiental no esta vigente.<\/em><\/strong><\/h4>\n<p>Se comenzar\u00e1 a debatir esta semana en la Legislatura el proyecto minero \u00ab<strong>Cerro Amarillo<\/strong>\u00ab. La \u00faltima vez que esto ocurri\u00f3 fue en el gobierno de Francisco \u00abPaco\u00bb\u00a0P\u00e9rez -en el a\u00f1o 2014-, pero\u00a0se fren\u00f3 tras la espera de la reglamentaci\u00f3n de la\u00a0<strong>Ley de Glaciares. <\/strong>El dirigente ambientalista,\u00a0Eduardo Sosa,\u00a0 analiz\u00f3 dicha iniciativa y manifest\u00f3 su preocupaci\u00f3n tras la falta de documentaci\u00f3n actualizada.<\/p>\n<p><strong><em>&#8216;El proyecto\u00a0es el mismo que se present\u00f3 en el 2014, con la \u00fanica diferencia de que lo que hay es el inventario de glaciares que se hizo en el 2018. Pero hoy si uno revisa la web del Senado, est\u00e1 la presentaci\u00f3n del\u00a0Gobierno\u00a0y la Declaraci\u00f3n de Impacto Ambiental que hizo &#8216;Paco&#8217; P\u00e9rez en aquel momento. Lo dem\u00e1s no est\u00e1 resuelto. Esa es la preocupaci\u00f3n que tiene el sector ambientalista&#8217;<\/em><\/strong>, explic\u00f3 Sosa.<\/p>\n<p>El especialista detall\u00f3 que la Declaraci\u00f3n de Impacto Ambiental debe actualizarse cada dos a\u00f1os. Por ende, la que se busca aprobar ahora, con el proyecto que tiene m\u00e1s de diez a\u00f1os, ya venci\u00f3: <em><strong>&#8216;Las actualizaciones no est\u00e1n, esa declaraci\u00f3n de Impacto ambiental se ha ca\u00eddo administrativamente, es inexistente. Para que vuelva a un estado de legalidad, la empresa tiene que hacer una nueva Evaluaci\u00f3n de Impacto Ambiental&#8217;.<\/strong><\/em><\/p>\n<p><strong>Sosa<\/strong>\u00a0advirti\u00f3 que el\u00a0<strong>Gobierno\u00a0<\/strong>se \u00abolvida\u00bb de algo sumamente importante con respecto al proyecto: <strong><em>&#8216;Hay que leer la Ley de Glaciares, que habla del ambiente periglacial, que es un \u00e1rea que incluye geoformas. Esta \u00faltima tiene una serie de caracter\u00edsticas que no menciona el informe y seg\u00fan las apreciaciones de los investigadores que est\u00e1n apoy\u00e1ndonos, estamos sobre un ambiente con esas caracter\u00edsticas&#8217;.<\/em><\/strong><\/p>\n<p>En este sentido, el ambientalista indic\u00f3 que si el\u00a0<strong>Gobierno\u00a0<\/strong>argumenta que no es un ambiente periglacial, resulta \u2018fundamental\u2019 que el Instituto Argentino de Nivolog\u00eda, Glaciolog\u00eda y Ciencias Ambientales (IANIGLA) d\u00e9 su opini\u00f3n.<\/p>\n<p>Con respecto al inventario de glaciares expuesto por el\u00a0<strong>Gobierno<\/strong>, el especialista opin\u00f3: <em><strong>&#8216;El inventario de glaciares hay que actualizarlo cada cinco a\u00f1os, esto se hizo en el 2018, el a\u00f1o que viene hay que volver a hacerlo. Lo que hab\u00eda hace diez a\u00f1os quiz\u00e1s ya no est\u00e1 o es un glaciar que se ha movido y est\u00e1 en otro sitio&#8217;<\/strong><\/em>, argument\u00f3.<\/p>\n<p>En cuanto a la\u00a0<strong>actividad minera<\/strong>\u00a0en\u00a0<strong>Mendoza\u00a0<\/strong>detall\u00f3: <strong><em>&#8216;Aqu\u00ed nunca se discuti\u00f3, siempre fue una imposici\u00f3n de los gobiernos de turno por distintas v\u00edas y solamente la movilizaci\u00f3n social y algunas acciones en la Justicia fueron marcando el rumbo&#8217;.<\/em><\/strong><\/p>\n<p>Finalmente Sosa advirti\u00f3 que para empezar el debate, el\u00a0<strong>Gobierno\u00a0<\/strong>provincial, tiene que empezar a cumplir ciertas leyes como la ley que instaura el procedimiento administrativo para el otorgamiento de concesi\u00f3n. <em><strong>&#8216;Estas leyes est\u00e1n aprobadas, vigentes y nunca se pusieron en marcha. Se tiene que crear la Polic\u00eda Ambiental Minera, que marca la ley 7722. Hay un mont\u00f3n de incumplimientos que si el Gobierno\u00a0<\/strong>se pusiera a trabajar, la situaci\u00f3n empezar\u00eda a generar una confianza m\u00ednima que es la que permite el di\u00e1logo. Y eso es lo que no ha ocurrido ac\u00e1&#8217;<\/em>, cerr\u00f3.<\/p>\n","protected":false},"excerpt":{"rendered":"<p>El Gobierno busca que el proyecto minero Cerro Amarillo se apruebe antes de fin de a\u00f1o. Ambientalistas opinaron de la iniciativa &#8230;<\/p>\n","protected":false},"author":7,"featured_media":116143,"comment_status":"open","ping_status":"open","sticky":false,"template":"","format":"standard","meta":{"footnotes":""},"categories":[5,10],"tags":[],"class_list":["post-116142","post","type-post","status-publish","format-standard","has-post-thumbnail","hentry","category-actualidad","category-destacadas"],"_links":{"self":[{"href":"https:\/\/vinasfm.com\/noticias\/wp-json\/wp\/v2\/posts\/116142","targetHints":{"allow":["GET"]}}],"collection":[{"href":"https:\/\/vinasfm.com\/noticias\/wp-json\/wp\/v2\/posts"}],"about":[{"href":"https:\/\/vinasfm.com\/noticias\/wp-json\/wp\/v2\/types\/post"}],"author":[{"embeddable":true,"href":"https:\/\/vinasfm.com\/noticias\/wp-json\/wp\/v2\/users\/7"}],"replies":[{"embeddable":true,"href":"https:\/\/vinasfm.com\/noticias\/wp-json\/wp\/v2\/comments?post=116142"}],"version-history":[{"count":3,"href":"https:\/\/vinasfm.com\/noticias\/wp-json\/wp\/v2\/posts\/116142\/revisions"}],"predecessor-version":[{"id":116146,"href":"https:\/\/vinasfm.com\/noticias\/wp-json\/wp\/v2\/posts\/116142\/revisions\/116146"}],"wp:featuredmedia":[{"embeddable":true,"href":"https:\/\/vinasfm.com\/noticias\/wp-json\/wp\/v2\/media\/116143"}],"wp:attachment":[{"href":"https:\/\/vinasfm.com\/noticias\/wp-json\/wp\/v2\/media?parent=116142"}],"wp:term":[{"taxonomy":"category","embeddable":true,"href":"https:\/\/vinasfm.com\/noticias\/wp-json\/wp\/v2\/categories?post=116142"},{"taxonomy":"post_tag","embeddable":true,"href":"https:\/\/vinasfm.com\/noticias\/wp-json\/wp\/v2\/tags?post=116142"}],"curies":[{"name":"wp","href":"https:\/\/api.w.org\/{rel}","templated":true}]}}