{"id":116140,"date":"2022-11-22T10:23:28","date_gmt":"2022-11-22T13:23:28","guid":{"rendered":"http:\/\/vinasfm.com\/noticias\/?p=116140"},"modified":"2022-11-23T08:45:04","modified_gmt":"2022-11-23T11:45:04","slug":"cornejo-propuso-privatizar-la-lucha-antigranizo","status":"publish","type":"post","link":"https:\/\/vinasfm.com\/noticias\/cornejo-propuso-privatizar-la-lucha-antigranizo\/","title":{"rendered":"CORNEJO PROPUSO PRIVATIZAR LA LUCHA ANTIGRANIZO"},"content":{"rendered":"<h4 class=\"news-headline__article-summary\"><strong>Alfredo Cornejo estuvo en San Rafael y habl\u00f3 de la lucha antigranizo y del escenario pol\u00edtico nacional.<\/strong><\/h4>\n<article class=\"article-body article-body--first-paragraph\" data-td-script-src=\"https:\/\/www.sitioandino.com.ar\/td\/modulos\/encuestas\/js\/function-embeds-min-version-1661266718.js\"><strong>Alfredo Cornejo\u00a0<\/strong>pas\u00f3 por\u00a0<strong>San Rafael<\/strong>\u00a0el fin de semana para visitar la\u00a0<strong>Benelli Week Internacional<\/strong>. En el ingreso al Centro de Congresos y Exposiciones habl\u00f3 sobre la situaci\u00f3n nacional y la eficacia de la lucha antigranizo.<\/article>\n<article class=\"article-body article-body--second-paragraph\"><em><strong>&#8216;No est\u00e1 probada la eficacia de la lucha antigranizo. Hay que ver si no necesita una gesti\u00f3n privada para que no tenga la complejidad de la gesti\u00f3n estatal&#8217;, <\/strong><\/em>dijo el senador nacional radical.Adem\u00e1s, explic\u00f3 que los seguros agr\u00edcolas tienen que ser m\u00e1s amplios e integrales como en Europa y en pa\u00edses de larga tradici\u00f3n agr\u00edcola.<\/p>\n<p>Por otro lado, repas\u00f3 la situaci\u00f3n de la lucha antigranizo durante su gesti\u00f3n como gobernador de Mendoza.<em><strong> &#8216;Cuando yo asum\u00ed funcionaba uno solo avi\u00f3n y funcionaba mal, con peligro para los pilotos. No pod\u00eda llegar a San Rafael&#8217;<\/strong><\/em>, dijo.<\/p>\n<p>Por otro lado, el senador nacional habl\u00f3 sobre la situaci\u00f3n pol\u00edtica nacional. <strong><em>&#8216;Vivimos en un ambiente bastante t\u00f3xico que enferma a buena parte de la sociedad. Sin dudas que Cristina Fern\u00e1ndez de Kirchner es muy influyente en la pol\u00edtica argentina que, si bien tiene el apoyo de una minor\u00eda, una minor\u00eda del 20, 25% de la poblaci\u00f3n termina influyendo sobre el resto del funcionamiento&#8217;,<\/em><\/strong> dijo.<\/p>\n<p><em><strong>&#8216;Es una pena que el Frente de Todos est\u00e9 conducido bajo esta visi\u00f3n, que es totalmente ficticia y donde se asienten much\u00edsimas mentiras para manipular el funcionamiento del Consejo de la Magistratura. Los \u00faltimos 15 a\u00f1os ella ha sido 8 a\u00f1os presidenta, 3 a\u00f1os vicepresidenta, 2 a\u00f1os senadora nacional y resulta que hoy se presenta como lo nuevo, lo que viene a mejorar la situaci\u00f3n y darles esperanzas a los argentinos&#8217;<\/strong><\/em>, a\u00f1adi\u00f3.<\/p>\n<p>Tambi\u00e9n habl\u00f3 sobre la gesti\u00f3n estatal a nivel nacional. <em><strong>&#8216;Hace 6 meses se realiz\u00f3 el Censo y todav\u00eda no podemos consolidar los datos. Eso es un Estado bobo, poco inteligente, es una verg\u00fcenza. Y entonces, hablan de irrealidades, est\u00e1n todo el d\u00eda hablando del Estado presente, queremos m\u00e1s Estado y cada vez tenemos m\u00e1s gasto p\u00fablico que pagan los contribuyentes con sus impuestos&#8217;<\/strong><\/em>, asever\u00f3.<\/p>\n<\/article>\n","protected":false},"excerpt":{"rendered":"<p>Alfredo Cornejo estuvo en San Rafael y habl\u00f3 de la lucha antigranizo y del escenario pol\u00edtico nacional. Alfredo Cornejo\u00a0pas\u00f3 por\u00a0San Rafael\u00a0el &#8230;<\/p>\n","protected":false},"author":7,"featured_media":52594,"comment_status":"open","ping_status":"open","sticky":false,"template":"","format":"standard","meta":{"footnotes":""},"categories":[5,10],"tags":[],"class_list":["post-116140","post","type-post","status-publish","format-standard","has-post-thumbnail","hentry","category-actualidad","category-destacadas"],"_links":{"self":[{"href":"https:\/\/vinasfm.com\/noticias\/wp-json\/wp\/v2\/posts\/116140","targetHints":{"allow":["GET"]}}],"collection":[{"href":"https:\/\/vinasfm.com\/noticias\/wp-json\/wp\/v2\/posts"}],"about":[{"href":"https:\/\/vinasfm.com\/noticias\/wp-json\/wp\/v2\/types\/post"}],"author":[{"embeddable":true,"href":"https:\/\/vinasfm.com\/noticias\/wp-json\/wp\/v2\/users\/7"}],"replies":[{"embeddable":true,"href":"https:\/\/vinasfm.com\/noticias\/wp-json\/wp\/v2\/comments?post=116140"}],"version-history":[{"count":2,"href":"https:\/\/vinasfm.com\/noticias\/wp-json\/wp\/v2\/posts\/116140\/revisions"}],"predecessor-version":[{"id":116172,"href":"https:\/\/vinasfm.com\/noticias\/wp-json\/wp\/v2\/posts\/116140\/revisions\/116172"}],"wp:featuredmedia":[{"embeddable":true,"href":"https:\/\/vinasfm.com\/noticias\/wp-json\/wp\/v2\/media\/52594"}],"wp:attachment":[{"href":"https:\/\/vinasfm.com\/noticias\/wp-json\/wp\/v2\/media?parent=116140"}],"wp:term":[{"taxonomy":"category","embeddable":true,"href":"https:\/\/vinasfm.com\/noticias\/wp-json\/wp\/v2\/categories?post=116140"},{"taxonomy":"post_tag","embeddable":true,"href":"https:\/\/vinasfm.com\/noticias\/wp-json\/wp\/v2\/tags?post=116140"}],"curies":[{"name":"wp","href":"https:\/\/api.w.org\/{rel}","templated":true}]}}