{"id":116107,"date":"2022-11-21T09:19:00","date_gmt":"2022-11-21T12:19:00","guid":{"rendered":"http:\/\/vinasfm.com\/noticias\/?p=116107"},"modified":"2022-11-21T09:20:35","modified_gmt":"2022-11-21T12:20:35","slug":"gran-cierre-de-ciclo-del-cct-carlos-obligado-en-el-mercado-municipal","status":"publish","type":"post","link":"https:\/\/vinasfm.com\/noticias\/gran-cierre-de-ciclo-del-cct-carlos-obligado-en-el-mercado-municipal\/","title":{"rendered":"GRAN CIERRE DE CICLO DEL CCT CARLOS OBLIGADO, EN EL MERCADO MUNICIPAL"},"content":{"rendered":"<div class=\"adn ads\" data-message-id=\"#msg-f:1749957797309446645\" data-legacy-message-id=\"18491958508df9f5\">\n<div class=\"gs\">\n<div class=\"\">\n<div id=\":kr\" class=\"ii gt\">\n<div id=\":k8\" class=\"a3s aiL \">\n<div>\n<h4><strong>En el Mercado Municipal, se llev\u00f3 a cabo la Muestra Anual del Centro de Capacitaci\u00f3n para el Trabajo (CCT) N\u00b0 6-035 Carlos Obligado, con un gran desfile y exposici\u00f3n de las labores realizadas durante el a\u00f1o.<\/strong><\/h4>\n<p>El Secretario de Desarrollo y Promoci\u00f3n Departamental, Carlos Ponce, se refiri\u00f3 al acto de fin de curso del CCT: <em><strong>&#8216;Con eventos como este se logran los objetivos del Mercado Municipal, que es poner en valor todo lo que rodea al emprendedurismo. Adem\u00e1s se pone en valor al CCT, con todas sus alternativas de capacitaci\u00f3n en oficios, que no solamente representan una salida laboral para quienes participan o se egresan, sino por la posibilidad que genera, de empalmar con distintas formaciones terciarias como la conexi\u00f3n directa con la Tecnicatura de Dise\u00f1o e Indumentaria Textil de Ugacoop&#8217;.\u00a0<\/strong><\/em><\/p>\n<p>Asimismo, Ponce record\u00f3 el anuncio del intendente Walther Marcolini, acerca de que el edificio del CCT ser\u00e1 parte del ecosistema de Ugacoop, enriqueciendo todo lo que all\u00ed se realiza.<\/p>\n<p>Por su parte, la Directora del CCT, Silvia Federici, manifest\u00f3: <strong><em>&#8216;Estamos dando fin al ciclo lectivo 2022, con la muestra anual donde los alumnos pueden mostrar todos los trabajos realizados durante el a\u00f1o, tenemos Gastronom\u00eda y el \u00c1rea de Textil, tambi\u00e9n contamos con cursos de capacitaci\u00f3n laboral como Artes Aplicadas, Tapicer\u00eda, Inform\u00e1tica&#8217;.<\/em><\/strong><\/p>\n<p>La matr\u00edcula durante este ciclo fue de unos 180 alumnos, siendo fundamental la tarea del CCT para los j\u00f3venes que quieren aprender alg\u00fan oficio.<\/p>\n<\/div>\n<\/div>\n<\/div>\n<\/div>\n<\/div>\n<\/div>\n","protected":false},"excerpt":{"rendered":"<p>En el Mercado Municipal, se llev\u00f3 a cabo la Muestra Anual del Centro de Capacitaci\u00f3n para el Trabajo (CCT) N\u00b0 6-035 &#8230;<\/p>\n","protected":false},"author":7,"featured_media":116109,"comment_status":"open","ping_status":"open","sticky":false,"template":"","format":"standard","meta":{"footnotes":""},"categories":[5,10],"tags":[],"class_list":["post-116107","post","type-post","status-publish","format-standard","has-post-thumbnail","hentry","category-actualidad","category-destacadas"],"_links":{"self":[{"href":"https:\/\/vinasfm.com\/noticias\/wp-json\/wp\/v2\/posts\/116107","targetHints":{"allow":["GET"]}}],"collection":[{"href":"https:\/\/vinasfm.com\/noticias\/wp-json\/wp\/v2\/posts"}],"about":[{"href":"https:\/\/vinasfm.com\/noticias\/wp-json\/wp\/v2\/types\/post"}],"author":[{"embeddable":true,"href":"https:\/\/vinasfm.com\/noticias\/wp-json\/wp\/v2\/users\/7"}],"replies":[{"embeddable":true,"href":"https:\/\/vinasfm.com\/noticias\/wp-json\/wp\/v2\/comments?post=116107"}],"version-history":[{"count":1,"href":"https:\/\/vinasfm.com\/noticias\/wp-json\/wp\/v2\/posts\/116107\/revisions"}],"predecessor-version":[{"id":116110,"href":"https:\/\/vinasfm.com\/noticias\/wp-json\/wp\/v2\/posts\/116107\/revisions\/116110"}],"wp:featuredmedia":[{"embeddable":true,"href":"https:\/\/vinasfm.com\/noticias\/wp-json\/wp\/v2\/media\/116109"}],"wp:attachment":[{"href":"https:\/\/vinasfm.com\/noticias\/wp-json\/wp\/v2\/media?parent=116107"}],"wp:term":[{"taxonomy":"category","embeddable":true,"href":"https:\/\/vinasfm.com\/noticias\/wp-json\/wp\/v2\/categories?post=116107"},{"taxonomy":"post_tag","embeddable":true,"href":"https:\/\/vinasfm.com\/noticias\/wp-json\/wp\/v2\/tags?post=116107"}],"curies":[{"name":"wp","href":"https:\/\/api.w.org\/{rel}","templated":true}]}}