{"id":116100,"date":"2022-11-19T16:04:46","date_gmt":"2022-11-19T19:04:46","guid":{"rendered":"http:\/\/vinasfm.com\/noticias\/?p=116100"},"modified":"2022-11-21T09:07:28","modified_gmt":"2022-11-21T12:07:28","slug":"se-concreto-el-concurrido-encuentro-de-mini-voley-en-el-polideportivo","status":"publish","type":"post","link":"https:\/\/vinasfm.com\/noticias\/se-concreto-el-concurrido-encuentro-de-mini-voley-en-el-polideportivo\/","title":{"rendered":"SE CONCRET\u00d3 EL CONCURRIDO ENCUENTRO DE MINI VOLEY EN EL POLIDEPORTIVO"},"content":{"rendered":"<div class=\"nH aHU\">\n<div class=\"nH hx\">\n<div class=\"nH\" role=\"list\">\n<div class=\"h7 ie nH oy8Mbf\" tabindex=\"-1\" role=\"listitem\" aria-expanded=\"true\">\n<div class=\"Bk\">\n<div class=\"G3 G2\">\n<div>\n<div id=\":kp\">\n<div class=\"adn ads\" data-message-id=\"#msg-f:1749955122075909437\" data-legacy-message-id=\"184916e97035bd3d\">\n<div class=\"gs\">\n<div class=\"\">\n<div id=\":kf\" class=\"ii gt\">\n<div id=\":ju\" class=\"a3s aiL \">\n<div>\n<h4><strong>Decenas de ni\u00f1os de todo el departamento y zonas aleda\u00f1as, se congregaron en el polideportivo para disfrutar de una ma\u00f1ana a puro v\u00f3ley.<\/strong><\/h4>\n<p>Ni\u00f1os de diferentes colegios, del polideportivo, La Marzolina, Bowen, Ferro e incluso de Villa Atuel, llegaron al polideportivo para participar de este importante encuentro de Mini V\u00f3ley, que se disput\u00f3 con la premisa de inculcar los valores del deporte en los m\u00e1s peque\u00f1os, el Director de Deportes Jorge P\u00e1ez expres\u00f3: <em><strong>&#8216;Este es el \u00faltimo encuentro del a\u00f1o, realmente hay muchos chicos de diferentes instituciones del departamento, la recreaci\u00f3n y el deporte van de la mano, porque m\u00e1s all\u00e1 de competir por un punto se est\u00e1n divirtiendo y disfrutando. Hay que destacar la tarea de los profes que hacen todo para que los ni\u00f1os amen el deporte&#8217;.<\/strong><\/em><\/p>\n<p>Es de destacar que de este evento participaron m\u00e1s de 200 ni\u00f1os, y el cierre estuvo a cargo de la m\u00fasica de Nicol\u00e1s Bello, adem\u00e1s del sorteo de dos pelotas de v\u00f3ley y otros premios.<\/p>\n<p>La profesora Laura Sosa, de la Direcci\u00f3n de Deportes, indic\u00f3: <strong><em>&#8216;Este es el cierre de todas las escuelas, participaron ni\u00f1os de entre 6 a\u00f1os hasta los 13 a\u00f1os, la idea es jugar al v\u00f3ley, aprender, compartir y ver c\u00f3mo mejoraron desde el primer encuentro hasta ahora&#8217;.<\/em><\/strong><\/p>\n<\/div>\n<\/div>\n<\/div>\n<\/div>\n<\/div>\n<\/div>\n<\/div>\n<\/div>\n<\/div>\n<\/div>\n<\/div>\n<\/div>\n<\/div>\n<\/div>\n","protected":false},"excerpt":{"rendered":"<p>Decenas de ni\u00f1os de todo el departamento y zonas aleda\u00f1as, se congregaron en el polideportivo para disfrutar de una ma\u00f1ana a &#8230;<\/p>\n","protected":false},"author":7,"featured_media":116101,"comment_status":"open","ping_status":"open","sticky":false,"template":"","format":"standard","meta":{"footnotes":""},"categories":[5,3],"tags":[],"class_list":["post-116100","post","type-post","status-publish","format-standard","has-post-thumbnail","hentry","category-actualidad","category-deportes"],"_links":{"self":[{"href":"https:\/\/vinasfm.com\/noticias\/wp-json\/wp\/v2\/posts\/116100","targetHints":{"allow":["GET"]}}],"collection":[{"href":"https:\/\/vinasfm.com\/noticias\/wp-json\/wp\/v2\/posts"}],"about":[{"href":"https:\/\/vinasfm.com\/noticias\/wp-json\/wp\/v2\/types\/post"}],"author":[{"embeddable":true,"href":"https:\/\/vinasfm.com\/noticias\/wp-json\/wp\/v2\/users\/7"}],"replies":[{"embeddable":true,"href":"https:\/\/vinasfm.com\/noticias\/wp-json\/wp\/v2\/comments?post=116100"}],"version-history":[{"count":1,"href":"https:\/\/vinasfm.com\/noticias\/wp-json\/wp\/v2\/posts\/116100\/revisions"}],"predecessor-version":[{"id":116102,"href":"https:\/\/vinasfm.com\/noticias\/wp-json\/wp\/v2\/posts\/116100\/revisions\/116102"}],"wp:featuredmedia":[{"embeddable":true,"href":"https:\/\/vinasfm.com\/noticias\/wp-json\/wp\/v2\/media\/116101"}],"wp:attachment":[{"href":"https:\/\/vinasfm.com\/noticias\/wp-json\/wp\/v2\/media?parent=116100"}],"wp:term":[{"taxonomy":"category","embeddable":true,"href":"https:\/\/vinasfm.com\/noticias\/wp-json\/wp\/v2\/categories?post=116100"},{"taxonomy":"post_tag","embeddable":true,"href":"https:\/\/vinasfm.com\/noticias\/wp-json\/wp\/v2\/tags?post=116100"}],"curies":[{"name":"wp","href":"https:\/\/api.w.org\/{rel}","templated":true}]}}