{"id":116096,"date":"2022-11-19T16:59:11","date_gmt":"2022-11-19T19:59:11","guid":{"rendered":"http:\/\/vinasfm.com\/noticias\/?p=116096"},"modified":"2022-11-21T09:04:29","modified_gmt":"2022-11-21T12:04:29","slug":"se-realizo-el-concurso-de-cargos-munipicales-2022","status":"publish","type":"post","link":"https:\/\/vinasfm.com\/noticias\/se-realizo-el-concurso-de-cargos-munipicales-2022\/","title":{"rendered":"SE REALIZ\u00d3 EL CONCURSO DE CARGOS MUNIPICALES 2022"},"content":{"rendered":"<h4><strong>El Secretario de Gobierno Mariano Varela junto al Director de Recursos Humanos Facundo Quiroga se refirieron al concurso cerrado de cargos establecida por las Ordenanzas N\u00b0 1764\/92 y 3089\/04, que permite poner en valor el trabajo de los empleados comunales.<\/strong><\/h4>\n<p>Este s\u00e1bado se llev\u00f3 adelante el concurso de cargos municipales 2022, tal como se hab\u00eda pactado en paritarias, sin dudas estas son muy buenas noticias para todos los empleados municipales, que tuvieron la oportunidad de aspirar a cubrir uno de los cargos que se encuentran disponibles en la Municipalidad de General Alvear, mediante el concurso de cargos, modalidad establecida por las Ordenanzas N\u00b0 1764\/92 y 3089\/04. Esto quiere decir, que los cargos vacantes en la carrera administrativa y t\u00e9cnica de la comuna se van a cubrir con un concurso interno.<\/p>\n<p>El Secretario de Gobierno Mariano Varela dijo: <em><strong>&#8216;Esto es parte del derecho de los empleados municipales, es un trabajo muy arduo por parte de la Direcci\u00f3n de Recursos Humanos y de la Secretar\u00eda de Gobierno, sin dudas hay que agradecer a todas las Secretar\u00edas porque esto es algo que nos atraviesa a todos. Hemos transitado muchos requerimientos para poder concretarlo y es para destacar que no habr\u00e1 m\u00e1s ingreso de personal, en su lugar se van a ocupar cargos interinos, para que el personal concurse y acceda a planta permanente en su cargo&#8217;.<\/strong><\/em><\/p>\n<p>En total se concursaron 80 cargos repartidos entre todas las Secretar\u00edas, en algunos casos se presentaron m\u00e1s de una persona para concursar por el mismo cargo, por lo que se alcanz\u00f3 un n\u00famero de 160 inscriptos, lo que otorga libertad y transparencia al concurso. Es bueno hacer hincapi\u00e9 en que no se crearon nuevos cargos, sino que se brind\u00f3 la posibilidad a los trabajadores de la Comuna de concursar por cada cargo.<\/p>\n<p>Por su parte Facundo Quiroga, Director de Recursos Humanos, agradeci\u00f3 al intendente Walther Marcolini y felicit\u00f3 al equipo vinculado a la Direcci\u00f3n:<strong><em> &#8216;Este es un concurso transparente, como lo amerita la funci\u00f3n p\u00fablica. El Sindicato tambi\u00e9n estuvo presente, lo que es muy importante, y esperamos que todo salga de la mejor manera&#8217;.<\/em><\/strong><\/p>\n","protected":false},"excerpt":{"rendered":"<p>El Secretario de Gobierno Mariano Varela junto al Director de Recursos Humanos Facundo Quiroga se refirieron al concurso cerrado de cargos &#8230;<\/p>\n","protected":false},"author":7,"featured_media":116098,"comment_status":"open","ping_status":"open","sticky":false,"template":"","format":"standard","meta":{"footnotes":""},"categories":[5,78],"tags":[],"class_list":["post-116096","post","type-post","status-publish","format-standard","has-post-thumbnail","hentry","category-actualidad","category-municipalidad"],"_links":{"self":[{"href":"https:\/\/vinasfm.com\/noticias\/wp-json\/wp\/v2\/posts\/116096","targetHints":{"allow":["GET"]}}],"collection":[{"href":"https:\/\/vinasfm.com\/noticias\/wp-json\/wp\/v2\/posts"}],"about":[{"href":"https:\/\/vinasfm.com\/noticias\/wp-json\/wp\/v2\/types\/post"}],"author":[{"embeddable":true,"href":"https:\/\/vinasfm.com\/noticias\/wp-json\/wp\/v2\/users\/7"}],"replies":[{"embeddable":true,"href":"https:\/\/vinasfm.com\/noticias\/wp-json\/wp\/v2\/comments?post=116096"}],"version-history":[{"count":1,"href":"https:\/\/vinasfm.com\/noticias\/wp-json\/wp\/v2\/posts\/116096\/revisions"}],"predecessor-version":[{"id":116099,"href":"https:\/\/vinasfm.com\/noticias\/wp-json\/wp\/v2\/posts\/116096\/revisions\/116099"}],"wp:featuredmedia":[{"embeddable":true,"href":"https:\/\/vinasfm.com\/noticias\/wp-json\/wp\/v2\/media\/116098"}],"wp:attachment":[{"href":"https:\/\/vinasfm.com\/noticias\/wp-json\/wp\/v2\/media?parent=116096"}],"wp:term":[{"taxonomy":"category","embeddable":true,"href":"https:\/\/vinasfm.com\/noticias\/wp-json\/wp\/v2\/categories?post=116096"},{"taxonomy":"post_tag","embeddable":true,"href":"https:\/\/vinasfm.com\/noticias\/wp-json\/wp\/v2\/tags?post=116096"}],"curies":[{"name":"wp","href":"https:\/\/api.w.org\/{rel}","templated":true}]}}