{"id":116092,"date":"2022-11-21T08:54:50","date_gmt":"2022-11-21T11:54:50","guid":{"rendered":"http:\/\/vinasfm.com\/noticias\/?p=116092"},"modified":"2022-11-23T08:13:06","modified_gmt":"2022-11-23T11:13:06","slug":"sin-tormentas-asi-estara-el-clima-esta-semana-en-general-alvear","status":"publish","type":"post","link":"https:\/\/vinasfm.com\/noticias\/sin-tormentas-asi-estara-el-clima-esta-semana-en-general-alvear\/","title":{"rendered":"SIN TORMENTAS, AS\u00cd ESTAR\u00c1 EL CLIMA ESTA SEMANA EN GENERAL ALVEAR"},"content":{"rendered":"<h4><strong>Temperaturas superiores a los 30\u00b0C marcar\u00e1n esta semana, dando un descanso a las grandes precipitaciones de semanas anteriores.<\/strong><\/h4>\n<p>Este <em><strong>lunes 21 de noviembre<\/strong> <\/em>el cielo permanecer\u00e1 nublado durante la ma\u00f1ana y tarde, sin precipitaciones. Hacia el noche el cielo estar\u00e1 despejado. R\u00e1fagas de viento que no superar\u00e1n los 22 km\/h. <strong><em>La m\u00ednima ser\u00e1 de 9\u00b0C y la m\u00e1xima de 23\u00b0C.<\/em><\/strong><\/p>\n<p>Durante las primeras horas de la jornada del <strong><em>martes<\/em><\/strong>, el cielo se presentar\u00e1 despejado con tendencia a la nubosidad hacia la tarde\/noche. <strong><em>Temperatura m\u00ednima 12\u00b0C y m\u00e1xima 29\u00b0C.<\/em><\/strong><\/p>\n<p>A partir del <strong><em>mi\u00e9rcoles<\/em> <\/strong>se denota un aumento en la temperatura. 1<strong><em>8\u00b0C la temperatura m\u00ednima y 34\u00b0C la m\u00e1xima.<\/em><\/strong> El cielo despejado durante gran parte del d\u00eda.<\/p>\n<p><strong><em>19\u00b0C la m\u00ednima para el jueves y 33\u00b0C la m\u00e1xima.<\/em> <\/strong>Durante la madrugada, hasta tempranas horas la tarde, el cielo permanecer\u00e1 despejado presentando algo de nubosidad en la tarde\/noche.<\/p>\n<p>El <strong><em>viernes<\/em> <\/strong>finaliza la semana h\u00e1bil con altas temperaturas, <strong><em>la m\u00ednima ser\u00e1 20\u00b0C y la m\u00e1xima 33\u00b0C.<\/em> <\/strong>El cielo permanecer\u00e1 nublado durante toda la jornada, con 10% de probabilidad de lluvias hacia la noche.<\/p>\n","protected":false},"excerpt":{"rendered":"<p>Temperaturas superiores a los 30\u00b0C marcar\u00e1n esta semana, dando un descanso a las grandes precipitaciones de semanas anteriores. Este lunes 21 &#8230;<\/p>\n","protected":false},"author":7,"featured_media":116094,"comment_status":"open","ping_status":"open","sticky":false,"template":"","format":"standard","meta":{"footnotes":""},"categories":[5,17],"tags":[],"class_list":["post-116092","post","type-post","status-publish","format-standard","has-post-thumbnail","hentry","category-actualidad","category-clima"],"_links":{"self":[{"href":"https:\/\/vinasfm.com\/noticias\/wp-json\/wp\/v2\/posts\/116092","targetHints":{"allow":["GET"]}}],"collection":[{"href":"https:\/\/vinasfm.com\/noticias\/wp-json\/wp\/v2\/posts"}],"about":[{"href":"https:\/\/vinasfm.com\/noticias\/wp-json\/wp\/v2\/types\/post"}],"author":[{"embeddable":true,"href":"https:\/\/vinasfm.com\/noticias\/wp-json\/wp\/v2\/users\/7"}],"replies":[{"embeddable":true,"href":"https:\/\/vinasfm.com\/noticias\/wp-json\/wp\/v2\/comments?post=116092"}],"version-history":[{"count":1,"href":"https:\/\/vinasfm.com\/noticias\/wp-json\/wp\/v2\/posts\/116092\/revisions"}],"predecessor-version":[{"id":116095,"href":"https:\/\/vinasfm.com\/noticias\/wp-json\/wp\/v2\/posts\/116092\/revisions\/116095"}],"wp:featuredmedia":[{"embeddable":true,"href":"https:\/\/vinasfm.com\/noticias\/wp-json\/wp\/v2\/media\/116094"}],"wp:attachment":[{"href":"https:\/\/vinasfm.com\/noticias\/wp-json\/wp\/v2\/media?parent=116092"}],"wp:term":[{"taxonomy":"category","embeddable":true,"href":"https:\/\/vinasfm.com\/noticias\/wp-json\/wp\/v2\/categories?post=116092"},{"taxonomy":"post_tag","embeddable":true,"href":"https:\/\/vinasfm.com\/noticias\/wp-json\/wp\/v2\/tags?post=116092"}],"curies":[{"name":"wp","href":"https:\/\/api.w.org\/{rel}","templated":true}]}}