{"id":116086,"date":"2022-11-21T08:17:19","date_gmt":"2022-11-21T11:17:19","guid":{"rendered":"http:\/\/vinasfm.com\/noticias\/?p=116086"},"modified":"2022-11-22T11:36:16","modified_gmt":"2022-11-22T14:36:16","slug":"se-concreto-un-concurrido-duatlon-en-nuestro-departamento","status":"publish","type":"post","link":"https:\/\/vinasfm.com\/noticias\/se-concreto-un-concurrido-duatlon-en-nuestro-departamento\/","title":{"rendered":"SE CONCRET\u00d3 UN CONCURRIDO DUATL\u00d3N EN NUESTRO DEPARTAMENTO"},"content":{"rendered":"<h4><strong>Se llev\u00f3 a cabo un exitoso Duatl\u00f3n con cerca de 80 participantes de General Alvear y otros puntos cercanos, que consisti\u00f3 en dos etapas pedestres en Costanera Alvear y una etapa de MTB en la Reserva Municipal El Trapal. La competencia fue organizada por la Direcci\u00f3n de Deportes, Actividad F\u00edsica y Recreaci\u00f3n, y la colaboraci\u00f3n de \u201cEsfuerzo Deportivo\u201d, empresa encargada de registrar los tiempos<\/strong><\/h4>\n<p>Este domingo se desarroll\u00f3 el Duatl\u00f3n que tuvo como escenarios principales la Costanera Alvear y la Reserva Natural Laguna El Trapal, el Director de Deportes Jorge P\u00e1ez destac\u00f3 la participaci\u00f3n de los atletas, \u201cEl balance es super positivo ya que desde la Municipalidad nunca se hab\u00eda generado un evento de estas caracter\u00edsticas, adem\u00e1s en dos lugares hermosos que fueron recuperados por la Comuna. Tuvimos una muy buena respuesta por parte de la gente, tanto alvearenses como participantes de afuera\u201d.<\/p>\n<p>Es de destacar que el evento se dividi\u00f3 entre categor\u00edas Competitiva y Promocionales, cuya diferencia estuvo en las distancias, tanto en Pedestrismo como en Mountain Bike.<\/p>\n<p>Mar\u00eda Isabel Mazzucchi, Competidora de Alvear, vivi\u00f3 como un desaf\u00edo el hecho de poder participar de un duatl\u00f3n: \u201cEstoy muy feliz, porque son desaf\u00edos personales que pude lograr. Tendr\u00eda que nombrar un mont\u00f3n de gente a quien agradecer, entreno todos los d\u00edas, y quiero destacar el recorrido porque es muy lindo para conocer, no necesariamente en bicicleta\u201d.<\/p>\n<p>Por su parte, Romina Granollers, Competidora San Rafael, indic\u00f3: \u201cSiempre venimos a las carreras de bici en El Trapal, el lugar es hermoso y estuvo re bien marcado, pese al viento\u201d<\/p>\n<p>Clasificaci\u00f3n:<\/p>\n<p>Individual Masculino:<\/p>\n<p>Competitivo Individual &#8211; M &#8211; Elite: 20 a 29 a\u00f1os<\/p>\n<p>1 &#8211; Cristian Karim Barrios<\/p>\n<p>2 &#8211; Alexis Vallejos<\/p>\n<p>Competitivo Individual &#8211; M &#8211; Master A: 30 a 39 a\u00f1os<\/p>\n<p>1 &#8211; \u00c1lvaro Diaz<\/p>\n<p>2\u00a0 &#8211; Lucas Ayala<\/p>\n<p>3 &#8211; Denis Rabanal<\/p>\n<p>Competitivo Individual &#8211; M &#8211; Master B: 40 a 49 a\u00f1os<\/p>\n<p>1 -C\u00e9sar Ferrero<\/p>\n<p>2 &#8211; Alberto Garcia<\/p>\n<p>3 &#8211; Fernando Giordan<\/p>\n<p>Competitivo Individual &#8211; M &#8211; Master C: 50 a 59 a\u00f1os<\/p>\n<p>1 &#8211; Mauricio Simon<\/p>\n<p>2 &#8211; Daniel Medero<\/p>\n<p>Competitivo Individual &#8211; M &#8211; Master D: +60 a\u00f1os<\/p>\n<p>1 &#8211; Miguel Angel Rodriguez<\/p>\n<p>POSTA FEMENINA<\/p>\n<p>Competitivo Posta &#8211; F &#8211; Hasta 40 a\u00f1os<\/p>\n<p>Martina G\u00f3mez &#8211; Julieta Gaute G\u00f3mez<\/p>\n<p>Competitivo Posta &#8211; F &#8211; Hasta 60 a\u00f1os<\/p>\n<p>Mariana Ojeda &#8211; Eliana Vega<\/p>\n<p>Competitivo Posta &#8211; F &#8211; +60 a\u00f1os<\/p>\n<p>Vanesa Silvana Godoy &#8211; Mar\u00eda Lourdes Mon<\/p>\n<p>Competitivo Posta &#8211; F &#8211; +80 a\u00f1os<\/p>\n<p>Viviana Lima &#8211; Gabriela Parra<\/p>\n<p>POSTA MASCULINA<\/p>\n<p>Competitivo Posta &#8211; M &#8211; Hasta 40 a\u00f1os<\/p>\n<p>Franco Caviasso &#8211; Agustin Prado<\/p>\n<p>Competitivo Posta &#8211; M &#8211; Hasta 60 a\u00f1os<\/p>\n<p>Diego Quesada &#8211; Gonzalo Marcolini<\/p>\n<p>Competitivo Posta &#8211; M &#8211; +60 a\u00f1os<\/p>\n<p>Sosa Fernando Javier &#8211; Sa\u00fal David Vega<\/p>\n<p>Competitivo Posta &#8211; M &#8211; +80 a\u00f1os<\/p>\n<p>Alberto G\u00f3mez &#8211; Daniel Frisson<\/p>\n<p>Competitivo Posta &#8211; M &#8211; +100 a\u00f1os<\/p>\n<p>FABIAN VIDABLE &#8211; OMAR FUENTES<\/p>\n<p>POSTA MIXTA<\/p>\n<p>Competitivo Posta &#8211; Mixta &#8211; Hasta 60 a\u00f1os<\/p>\n<p>BRUNO QUIROGA &#8211; CAMILA QUIROGA<\/p>\n<p>Competitivo Posta &#8211; Mixta &#8211; +60 a\u00f1os<\/p>\n<p>Gustavo Liria &#8211; Farias Florencia<\/p>\n<p>Competitivo Posta &#8211; Mixta &#8211; +100 a\u00f1os<\/p>\n<p>Roberto Omar Lucero &#8211; Norma Delfina Ruiz<\/p>\n<p>CLASIFICACI\u00d3N POR CATEGOR\u00cdAS &#8211; PROMOCIONAL<\/p>\n<p>INDIVIDUAL FEMENINO<\/p>\n<p>Promocional Individual &#8211; F &#8211; Elite: 20 a 29 a\u00f1os<\/p>\n<p>Julieta Arriagada<\/p>\n<p>Promocional Individual &#8211; F &#8211; Master A: 30 a 39 a\u00f1os<\/p>\n<p>Gilda Caba\u00f1a<\/p>\n<p>Promocional Individual &#8211; F &#8211; Master C: 50 a 59 a\u00f1os<\/p>\n<p>Silvia Vega<\/p>\n<p>Promocional Individual &#8211; F &#8211; Master D: +60 a\u00f1os<\/p>\n<p>Maria Isabel Mazzucchi<\/p>\n<p>INDIVIDUAL MASCULINO<\/p>\n<p>Promocional Individual &#8211; M &#8211; Menores: 14 a 15 a\u00f1os<\/p>\n<p>Mateo Contreras<\/p>\n<p>Promocional Individual &#8211; M &#8211; Master A: 30 a 39 a\u00f1os<\/p>\n<p>Diego Sosa<\/p>\n<p>Promocional Individual &#8211; M &#8211; Master B: 40 a 49 a\u00f1os<\/p>\n<p>Leo Alanis<\/p>\n<p>Promocional Individual &#8211; M &#8211; Master C: 50 a 59 a\u00f1os<\/p>\n<p>Alejandro Sabio<\/p>\n<p>POSTA FEMENINA<\/p>\n<p>Promocional Posta &#8211; F &#8211; Hasta 40 a\u00f1os<\/p>\n<p>Sof\u00eda Garro &#8211; Priscila Orozco<\/p>\n<p>Promocional Posta &#8211; F &#8211; +60 a\u00f1os<\/p>\n<p>Griselda Constanzo &#8211; Cecilia Teo<\/p>\n<p>Promocional Posta &#8211; F &#8211; +80 a\u00f1os<\/p>\n<p>Fernanda Martinez &#8211; Haydee Barrozo<\/p>\n<p>POSTA MASCULINA<\/p>\n<p>Promocional Posta &#8211; M &#8211; Hasta 40 a\u00f1os<\/p>\n<p>Rodrigo Pardo &#8211; Rodrigo Gaitan<\/p>\n<p>Promocional Posta &#8211; M &#8211; Hasta 60 a\u00f1os<\/p>\n<p>Matias Bogado &#8211; Rodrigo Sosa<\/p>\n<p>POSTA MASCULINA<\/p>\n<p>Promocional Posta &#8211; M &#8211; Hasta 40 a\u00f1os<\/p>\n<p>Rodrigo Pardo &#8211; Rodrigo Gaitan<\/p>\n<p>Promocional Posta &#8211; M &#8211; Hasta 60 a\u00f1os<\/p>\n<p>Matias Bogado &#8211; Rodrigo Sosa<\/p>\n<p>POSTA MIXTA<\/p>\n<p>Promocional Posta &#8211; Mixta &#8211; Hasta 60 a\u00f1os<\/p>\n<p>Javier Zapata &#8211; Dafne Fabrega<\/p>\n<p>Promocional Posta &#8211; Mixta &#8211; +60 a\u00f1os<\/p>\n<p>Cristian Gil &#8211; Amira Gattas<\/p>\n<p>Promocional Posta &#8211; Mixta &#8211; +80 a\u00f1os<\/p>\n<p>Promocional Posta &#8211; Mixta &#8211; +80 a\u00f1os<\/p>\n","protected":false},"excerpt":{"rendered":"<p>Se llev\u00f3 a cabo un exitoso Duatl\u00f3n con cerca de 80 participantes de General Alvear y otros puntos cercanos, que consisti\u00f3 &#8230;<\/p>\n","protected":false},"author":7,"featured_media":116087,"comment_status":"open","ping_status":"open","sticky":false,"template":"","format":"standard","meta":{"footnotes":""},"categories":[5,3],"tags":[],"class_list":["post-116086","post","type-post","status-publish","format-standard","has-post-thumbnail","hentry","category-actualidad","category-deportes"],"_links":{"self":[{"href":"https:\/\/vinasfm.com\/noticias\/wp-json\/wp\/v2\/posts\/116086","targetHints":{"allow":["GET"]}}],"collection":[{"href":"https:\/\/vinasfm.com\/noticias\/wp-json\/wp\/v2\/posts"}],"about":[{"href":"https:\/\/vinasfm.com\/noticias\/wp-json\/wp\/v2\/types\/post"}],"author":[{"embeddable":true,"href":"https:\/\/vinasfm.com\/noticias\/wp-json\/wp\/v2\/users\/7"}],"replies":[{"embeddable":true,"href":"https:\/\/vinasfm.com\/noticias\/wp-json\/wp\/v2\/comments?post=116086"}],"version-history":[{"count":1,"href":"https:\/\/vinasfm.com\/noticias\/wp-json\/wp\/v2\/posts\/116086\/revisions"}],"predecessor-version":[{"id":116088,"href":"https:\/\/vinasfm.com\/noticias\/wp-json\/wp\/v2\/posts\/116086\/revisions\/116088"}],"wp:featuredmedia":[{"embeddable":true,"href":"https:\/\/vinasfm.com\/noticias\/wp-json\/wp\/v2\/media\/116087"}],"wp:attachment":[{"href":"https:\/\/vinasfm.com\/noticias\/wp-json\/wp\/v2\/media?parent=116086"}],"wp:term":[{"taxonomy":"category","embeddable":true,"href":"https:\/\/vinasfm.com\/noticias\/wp-json\/wp\/v2\/categories?post=116086"},{"taxonomy":"post_tag","embeddable":true,"href":"https:\/\/vinasfm.com\/noticias\/wp-json\/wp\/v2\/tags?post=116086"}],"curies":[{"name":"wp","href":"https:\/\/api.w.org\/{rel}","templated":true}]}}