{"id":116085,"date":"2022-11-21T08:29:42","date_gmt":"2022-11-21T11:29:42","guid":{"rendered":"http:\/\/vinasfm.com\/noticias\/?p=116085"},"modified":"2022-11-23T10:30:10","modified_gmt":"2022-11-23T13:30:10","slug":"con-disertantes-a-nivel-internacional-y-una-gran-presencia-de-publico-culmio-el-iii-congreso-internacional-de-adicciones-y-vulnerabilidades-psicosociales","status":"publish","type":"post","link":"https:\/\/vinasfm.com\/noticias\/con-disertantes-a-nivel-internacional-y-una-gran-presencia-de-publico-culmio-el-iii-congreso-internacional-de-adicciones-y-vulnerabilidades-psicosociales\/","title":{"rendered":"FINALIZ\u00d3 EL TERCER CONGRESO INTERNACIONAL DE ADICCIONES Y VULNERABILIDADES PSICOSOCIALES"},"content":{"rendered":"<div class=\"nH aHU\">\n<div class=\"nH hx\">\n<div class=\"nH\" role=\"list\">\n<div class=\"h7 ie nH oy8Mbf\" tabindex=\"-1\" role=\"listitem\" aria-expanded=\"true\">\n<div class=\"Bk\">\n<div class=\"G3 G2\">\n<div id=\":ib\">\n<div class=\"adn ads\" data-message-id=\"#msg-f:1750024402187876459\" data-legacy-message-id=\"184955ebf8ac786b\">\n<div class=\"gs\">\n<div class=\"\">\n<div id=\":je\" class=\"ii gt\">\n<div id=\":i9\" class=\"a3s aiL \">\n<h4><strong>Con disertantes de nivel internacional y una gran presencia de p\u00fablico, culmin\u00f3 el III Congreso Internacional de Adicciones y Vulnerabilidades Psicosociales.<\/strong><\/h4>\n<p>Con gran \u00e9xito culmin\u00f3 el inolvidable 3er Congreso Internacional de Adicciones y Vulnerabilidades Psicosociales con la presencia de oradores provenientes de diferentes pa\u00edses de Latinoam\u00e9rica y referentes nacionales de diferentes temas relacionados como <strong><em>Dr. Alejandro Aguila Tejeda de<\/em> M\u00e9xico<\/strong> (Dir. Red mundial Suicidiolog\u00eda), <em><strong>Isabel Santos de Colombia<\/strong><\/em> (Viuda de Pablo Escobar Gaviria), el <strong><em>Lic. Ignacio O&#8217; Donell<\/em><\/strong> (Lic. Sociolog\u00eda &#8211; Dir. Cetrac &#8211; Ex Director. Sedronar), <strong><em>Dra. Mar\u00eda Liz Garc\u00eda Arnold <\/em><\/strong>(Rectora Universidad Metropolitana de Asunci\u00f3n del Paraguay); y el reconocido periodista de Canal 13 y TN <strong><em>Guillermo Lobo<\/em><\/strong>, entre otros.<\/p>\n<p>El Congreso cont\u00f3 con una modalidad presencial y virtual, estuvo destinado a profesionales y estudiantes de psicolog\u00eda, trabajadores del \u00e1mbito de la salud, educaci\u00f3n, justicia, organizaciones gubernamentales y no gubernamentales, trabajadores sociales, t\u00e9cnicos, acompa\u00f1antes terap\u00e9uticos y p\u00fablico en general. Participaron referentes en la tem\u00e1tica de nuestro Pa\u00eds, como de Paraguay, M\u00e9xico, Uruguay, Colombia. Asimismo, estuvo presente la Federaci\u00f3n de Organizaciones no gubernamentales de la Argentina para la Prevenci\u00f3n y el Tratamiento del Abuso de Drogas -FONGA-.<\/p>\n<p>Entre los temas que se abordaron se pueden mencionar la prevenci\u00f3n, abordajes comunitarios y vulnerabilidades psicosociales; investigaci\u00f3n, ciencias sociales y adicciones; Derechos Humanos, g\u00e9nero y diversidad; violencias; actividad f\u00edsica, terapias ocupacionales, actividades art\u00edsticas, espiritualidad; marcos normativos y legales (locales, nacionales e internacionales), pol\u00edticas p\u00fablicas preventivas y de asistencia de consumos problem\u00e1ticos; enfoques y abordajes de familias; ni\u00f1ez y juventud; conductas autodestructivas y suicidio; experiencia, meditaci\u00f3n, terapias alternativas y proyectos, prop\u00f3sito, sentido y oportunidades de vida.<\/p>\n<p>El Intendente Walther Marcolini, durante la apertura del evento, destac\u00f3 la puesta en valor de la problem\u00e1tica que trabaja el III Congreso Internacional de Adicciones:<strong><em> &#8216;A\u00fan no hemos tomado dimensi\u00f3n de lo que sucede en General Alvear, tenemos un alto nivel de disertantes sobre una de las problem\u00e1ticas m\u00e1s graves que atraviesan las comunidades del Mundo de hoy en d\u00eda. Quiero agradecer al comit\u00e9 organizador, a las instituciones que lo conforman, al comit\u00e9 internacional y al nacional, dado que durante tres d\u00edas se va a trabajar sobre una problem\u00e1tica que hay que transformar en pol\u00edticas p\u00fablicas. El Congreso fue habilitado para todo p\u00fablico, para colegios de nivel medio, para que puedan venir a escuchar testimonios y ponencias sobre prevenci\u00f3n&#8217;<\/em><\/strong>. Igualmente, agradeci\u00f3 al Licenciado Diego C\u00e1ceres, quien fue un actor central en las capacitaciones de prevenci\u00f3n, durante seis a\u00f1os ininterrumpidos, de formaci\u00f3n de operadores socio terap\u00e9uticos. Destac\u00f3 el trabajo en red por parte de quienes organizaron este importante Congreso Internacional, donde el municipio lo asumi\u00f3 como una pol\u00edtica m\u00e1s, siendo un facilitador, tal como debe ser la funci\u00f3n del Estado.<\/p>\n<p>La Directora de Familia, Cecilia Ariet, indic\u00f3 que: <strong><em>&#8216;El balance es sumamente positivo, desde el momento en el que comenzamos a organizarlo, fue siempre un desaf\u00edo porque es un Congreso muy grande, pero la realidad super\u00f3 las expectativas por eso agradecemos a todos los que decidieron participar. Cuando hablamos de adicciones, encontramos lugares mucho m\u00e1s complicados, pero en todos lados est\u00e1 la problem\u00e1tica y todo lo que conllevan las adicciones, no solo a drogas sino a todo tipo de adicciones, por eso es importante trabajar todos juntos, unidos&#8217;.<\/em><\/strong><\/p>\n<p>Una de las figuras que estuvo presente en nuestro departamento para ser parte de este Congreso, fue Mar\u00eda Isabel Santos, de Colombia, quien es viuda de Pablo Escobar Gaviria, expres\u00f3:<strong><em> &#8216;He sido invitada por la Fundaci\u00f3n de Vulnerabilidades psicosociales y adicciones, tambi\u00e9n por la Municipalidad de General Alvear. Estoy agradecida de poder estar ac\u00e1 para contar mi historia, para que no se repitan situaciones de violencia. A veces vivimos sumergidos en violencias que autonaturalizamos, en sociedades machistas, donde a las mujeres no se les permite opinar. Es necesario que nos demos cuenta de esa violencia para poder pedir ayuda. Tengo un gran agradecimiento a los argentinos y a este Pa\u00eds, que me abri\u00f3 las puertas en momentos muy dif\u00edciles para m\u00ed&#8217;.<\/em><\/strong><\/p>\n<p>El Psic\u00f3logo Social Diego C\u00e1ceres, uno de los organizadores de este gran evento, quien tambi\u00e9n disert\u00f3 acerca del consumismo en general: <strong><em>&#8216;Nos hacen creer que a trav\u00e9s del consumo de cierta ropa, de cierta marca, somos felices, y no es as\u00ed. Trabajamos mucho con j\u00f3venes, primero detectamos con qu\u00e9 j\u00f3venes trabajamos, escuch\u00e1ndolos porque no son todos iguales entonces tenemos que saber c\u00f3mo abordarlos. Tratamos de trabajar a sabiendas de qu\u00e9 informaci\u00f3n tienen, para enviar un mensaje correcto&#8217;<\/em><\/strong> destac\u00f3. Acerca del Congreso, C\u00e1ceres remarc\u00f3 que fue una gran experiencia, a la vez que agradeci\u00f3 al intendente Walther Marcolini por la posibilidad de que General Alvear haya sido la sede de este gran evento.<\/p>\n<p>La Presidenta del Comit\u00e9 Organizador T\u00e9cnica Liliana Augusto agradeci\u00f3 al Intendente Marcolini por el espacio: <strong><em>&#8216;Venimos trabajando hace tiempo en un congreso virtual, este es presencial y es un gran desaf\u00edo, con el objetivo de reconocer que los consumos problem\u00e1ticos no vienen solos, sino de la mano de otras vulnerabilidades, como autolesiones, suicidio, bullying, violencia&#8217;.<\/em><\/strong> Asimismo, Mati\u00e1s Cabrera, Asesor del \u00c1rea de Prevenci\u00f3n de Adicciones, remarc\u00f3 la calidad de los disertantes: <strong><em>&#8216;Estamos aprendiendo much\u00edsimo, la verdad que es incre\u00edble, hubo una gran participaci\u00f3n por parte de la gente. Hay mucha gente para agradecer, creo que Walther es la persona que siempre ha impulsado este trabajo de prevenci\u00f3n, como as\u00ed tambi\u00e9n Cecilia Ariet de la Direcci\u00f3n de Familia, los Operadores Socioterap\u00e9uticos, y a todo mi equipo&#8217;.<\/em><\/strong><\/p>\n<p>Desde la Organizaci\u00f3n, Rogelio Guerrera subray\u00f3 que es un gran objetivo cumplido: <strong><em>&#8216;Gracias a mucha gente que nos ha acompa\u00f1ado y conf\u00eda, tambi\u00e9n por el compromiso del municipio, de los medios de comunicaci\u00f3n, de las escuelas locales. Estamos felices de traer este Congreso Internacional a General Alvear. Si este tema no se hace carne en la sociedad, nos va a seguir quitando vidas, como lo est\u00e1 haciendo. En esta tercera edici\u00f3n presencial van a participar alrededor de 300 personas, de manera presencial y On line, es un exitos\u00edsimo encuentro, destacando que es el primero presencial, despu\u00e9s de dos que se realizaron solo de modo virtual&#8217;<\/em><\/strong> concluy\u00f3.<\/p>\n<p>Otra de las figuras que visit\u00f3 nuestro departamento para disertar en este III Congreso Internacional, fue el periodista de TN Guillermo Lobo:<strong><em> &#8216;Hay muchos expertos, de todos los lugares del pa\u00eds y del mundo, es un Congreso de alt\u00edsimo nivel. En mi caso vimos c\u00f3mo, desde un medio de comunicaci\u00f3n podemos ayudar a la comunidad a luchar contra este flagelo, con informaci\u00f3n de salud atrayente, involucr\u00e1ndonos en estos temas, poni\u00e9ndolos en agenda para que quienes tomen las decisiones tambi\u00e9n lo tengan en su agenda&#8217;.<\/em><\/strong><\/p>\n<p>Por otro lado, el Dr. Alejandro Aguila Tejeda(M\u00e9xico), Director de la\u00a0 Red Mundial Suicidologia, expres\u00f3: <em><strong>&#8216;Presentar\u00e9 una situaci\u00f3n actual del suicidio en M\u00e9xico, para saber si hay m\u00e1s hombres que mujeres, y c\u00f3mo es la situaci\u00f3n tanto en mi pa\u00eds como en el resto del mundo. Nosotros tenemos presencia en todo el mundo, con el objetivo de educar acerca de c\u00f3mo prevenir el acto suicida&#8217;.<\/strong><\/em> Fabi\u00e1n Tonda, Presidente F.U.N.G.A., que nuclea comunidades terap\u00e9uticas asegur\u00f3 que:<strong><em> &#8216;B\u00e1sicamente tratamos la asistencia en s\u00ed y toda la evoluci\u00f3n que hubo en todo este tiempo en materia de formaci\u00f3n, criterios de calidad, buenas pr\u00e1cticas de intervenci\u00f3n, todo eso es lo que vamos a traer ac\u00e1 al Congreso. Ayer me pas\u00f3 algo fant\u00e1stico en relaci\u00f3n a esto, ya que le cont\u00e9 a una comerciante lo que ven\u00eda a hacer y ella ya sab\u00eda porque se han dictado charlas en escuelas y otros espacios&#8217;.<\/em><\/strong><\/p>\n<p>El Licenciado en Sociolog\u00eda, Director de Cetrac y Ex Director del Sedronar, Lic. Ignacio O&#8217; Donell , dijo que: &#8216;<em><strong>Ac\u00e1 se habla de vulnerabilidades psicosociales, que est\u00e1n vinculadas a las adicciones, como suicidio, gente en situaci\u00f3n de calle, situaci\u00f3n de encierro y otras&#8217;.<\/strong><\/em><\/p>\n<div class=\"adL\"><\/div>\n<\/div>\n<\/div>\n<\/div>\n<\/div>\n<\/div>\n<\/div>\n<\/div>\n<\/div>\n<\/div>\n<\/div>\n<\/div>\n<\/div>\n","protected":false},"excerpt":{"rendered":"<p>Con disertantes de nivel internacional y una gran presencia de p\u00fablico, culmin\u00f3 el III Congreso Internacional de Adicciones y Vulnerabilidades Psicosociales. &#8230;<\/p>\n","protected":false},"author":7,"featured_media":116089,"comment_status":"open","ping_status":"open","sticky":false,"template":"","format":"standard","meta":{"footnotes":""},"categories":[5,10],"tags":[],"class_list":["post-116085","post","type-post","status-publish","format-standard","has-post-thumbnail","hentry","category-actualidad","category-destacadas"],"_links":{"self":[{"href":"https:\/\/vinasfm.com\/noticias\/wp-json\/wp\/v2\/posts\/116085","targetHints":{"allow":["GET"]}}],"collection":[{"href":"https:\/\/vinasfm.com\/noticias\/wp-json\/wp\/v2\/posts"}],"about":[{"href":"https:\/\/vinasfm.com\/noticias\/wp-json\/wp\/v2\/types\/post"}],"author":[{"embeddable":true,"href":"https:\/\/vinasfm.com\/noticias\/wp-json\/wp\/v2\/users\/7"}],"replies":[{"embeddable":true,"href":"https:\/\/vinasfm.com\/noticias\/wp-json\/wp\/v2\/comments?post=116085"}],"version-history":[{"count":2,"href":"https:\/\/vinasfm.com\/noticias\/wp-json\/wp\/v2\/posts\/116085\/revisions"}],"predecessor-version":[{"id":116093,"href":"https:\/\/vinasfm.com\/noticias\/wp-json\/wp\/v2\/posts\/116085\/revisions\/116093"}],"wp:featuredmedia":[{"embeddable":true,"href":"https:\/\/vinasfm.com\/noticias\/wp-json\/wp\/v2\/media\/116089"}],"wp:attachment":[{"href":"https:\/\/vinasfm.com\/noticias\/wp-json\/wp\/v2\/media?parent=116085"}],"wp:term":[{"taxonomy":"category","embeddable":true,"href":"https:\/\/vinasfm.com\/noticias\/wp-json\/wp\/v2\/categories?post=116085"},{"taxonomy":"post_tag","embeddable":true,"href":"https:\/\/vinasfm.com\/noticias\/wp-json\/wp\/v2\/tags?post=116085"}],"curies":[{"name":"wp","href":"https:\/\/api.w.org\/{rel}","templated":true}]}}