{"id":116078,"date":"2022-11-21T00:54:33","date_gmt":"2022-11-21T03:54:33","guid":{"rendered":"http:\/\/vinasfm.com\/noticias\/?p=116078"},"modified":"2022-11-22T10:23:31","modified_gmt":"2022-11-22T13:23:31","slug":"mariano-varela-el-camino-para-todo-es-el-dialogo","status":"publish","type":"post","link":"https:\/\/vinasfm.com\/noticias\/mariano-varela-el-camino-para-todo-es-el-dialogo\/","title":{"rendered":"MARIANO VARELA: &#8216;EL CAMINO PARA TODO ES EL DI\u00c1LOGO&#8217;"},"content":{"rendered":"<p><em><strong>El Secretario de Gobierno, Mariano Varela, habl\u00f3 acerca del concurso de cargos que se llevo a cabo el d\u00eda s\u00e1bado donde fueron 80 los nuevos cargos entregados, cabe aclarar que no son puestos nuevos si no personas que ya estaban ocupando ese lugar<\/strong><\/em><\/p>\n<p>Al respecto Mariano Varela habl\u00f3 en el encuentro de todos los s\u00e1bados \u00abPuntos de Vista\u00bb y dijo: <em><strong>&#8216;Todos sus cargos ya estan presuspuestados y era necesario darles el derecho de poder concursar, es un trabajo muy complejo que arrancamos en febrero, tenemos una comisi\u00f3n que evalua todo para que sea correcto y justo&#8217;\u00a0<\/strong><\/em><\/p>\n<p><em><strong>&#8216;Agradecemos a Recursos Humanos que hizo un gran esfuerzo y tambi\u00e9n al Intendente que le ha dado la oportunidad de concursar, ahora tenemos quince d\u00edas para hacer correciones, vamos a ir llamando uno por uno para que puedan ver sus examenes&#8217;\u00a0\u00a0<\/strong><\/em><\/p>\n<p>Adem\u00e1s se adentro en todas las actividades que surigieron en el departamento: <em><strong>&#8216;Continuamos con la camapa\u00f1a de Detenci\u00f3n de la Artritis, tambi\u00e9n encuentro de deportes donde estuvimos presentes como lo fue el encuentro de mini voley y las 12 horas de nado en el club banco&#8217;\u00a0\u00a0<\/strong><\/em><\/p>\n<p>Tambi\u00e9n enfatiz\u00f3 acerca del presupuesto 2023: <em><strong>&#8216;El presupuesto tiene que ser para todos y no para un solo sector pol\u00edtico, si hay que acomodar cosas lo charlaremos entre todos porque lo m\u00e1s importante es el di\u00e1logo porque la sociedad quiere otra cosa, nos toca hablar con todos, el di\u00e1logo es el camino para todas estas actividades, este a\u00f1o es particular y el siguiente tambi\u00e9n&#8217;<\/strong><\/em><\/p>\n","protected":false},"excerpt":{"rendered":"<p>El Secretario de Gobierno, Mariano Varela, habl\u00f3 acerca del concurso de cargos que se llevo a cabo el d\u00eda s\u00e1bado donde &#8230;<\/p>\n","protected":false},"author":7,"featured_media":62535,"comment_status":"open","ping_status":"open","sticky":false,"template":"","format":"standard","meta":{"footnotes":""},"categories":[5,78],"tags":[],"class_list":["post-116078","post","type-post","status-publish","format-standard","has-post-thumbnail","hentry","category-actualidad","category-municipalidad"],"_links":{"self":[{"href":"https:\/\/vinasfm.com\/noticias\/wp-json\/wp\/v2\/posts\/116078","targetHints":{"allow":["GET"]}}],"collection":[{"href":"https:\/\/vinasfm.com\/noticias\/wp-json\/wp\/v2\/posts"}],"about":[{"href":"https:\/\/vinasfm.com\/noticias\/wp-json\/wp\/v2\/types\/post"}],"author":[{"embeddable":true,"href":"https:\/\/vinasfm.com\/noticias\/wp-json\/wp\/v2\/users\/7"}],"replies":[{"embeddable":true,"href":"https:\/\/vinasfm.com\/noticias\/wp-json\/wp\/v2\/comments?post=116078"}],"version-history":[{"count":2,"href":"https:\/\/vinasfm.com\/noticias\/wp-json\/wp\/v2\/posts\/116078\/revisions"}],"predecessor-version":[{"id":116082,"href":"https:\/\/vinasfm.com\/noticias\/wp-json\/wp\/v2\/posts\/116078\/revisions\/116082"}],"wp:featuredmedia":[{"embeddable":true,"href":"https:\/\/vinasfm.com\/noticias\/wp-json\/wp\/v2\/media\/62535"}],"wp:attachment":[{"href":"https:\/\/vinasfm.com\/noticias\/wp-json\/wp\/v2\/media?parent=116078"}],"wp:term":[{"taxonomy":"category","embeddable":true,"href":"https:\/\/vinasfm.com\/noticias\/wp-json\/wp\/v2\/categories?post=116078"},{"taxonomy":"post_tag","embeddable":true,"href":"https:\/\/vinasfm.com\/noticias\/wp-json\/wp\/v2\/tags?post=116078"}],"curies":[{"name":"wp","href":"https:\/\/api.w.org\/{rel}","templated":true}]}}