{"id":116075,"date":"2022-11-21T00:54:44","date_gmt":"2022-11-21T03:54:44","guid":{"rendered":"http:\/\/vinasfm.com\/noticias\/?p=116075"},"modified":"2022-11-22T10:32:57","modified_gmt":"2022-11-22T13:32:57","slug":"hebe-katzer-estuvo-presente-en-un-nuevo-encuentro-de-la-red-federal-de-concejalas","status":"publish","type":"post","link":"https:\/\/vinasfm.com\/noticias\/hebe-katzer-estuvo-presente-en-un-nuevo-encuentro-de-la-red-federal-de-concejalas\/","title":{"rendered":"HEBE KATZER ESTUVO PRESENTE EN UN NUEVO ENCUENTRO DE LA RED FEDERAL DE CONCEJALAS"},"content":{"rendered":"<h4><strong>La concejal por el Frente de Todos, Hebe Katzer, habl\u00f3 acerca de su viaje a Villa Martelli (Buenos Aires) donde particip\u00f3 de la Agenda 2033 de Naciones Unidas junto a concejalas de todo el pa\u00eds el encuentro fue en tecnopolis y debatieron acerca de las estrategias internacionales para desafios locales\u00a0<\/strong><\/h4>\n<p>De este modo habl\u00f3 acerca de sus experiencia en dicho eventos en los que participa: <em><strong>&#8216;Son dos d\u00edas intensos en donde uno quiere hacer relaciones con todos y poder obtener contactos para despu\u00e9s empezar a gestionar algunos programas que no estan en nuestro alcance cotidiano, ahora estuvimos en un evento de la agenda 2023, yo formo parte de la Red Federal de Concejala desde 2021 que se pudo firmar el estatuto, desde ese momento no he desaprovechado ninguna capacitaci\u00f3n, cada evento es muy enriquecedor he logrado aprovechar cada herramienta que nos ha brindado esta red que tiene como objetivo acercar al concejal a los programas nacionales&#8217;\u00a0\u00a0<\/strong><\/em><\/p>\n<p>Asimismo describi\u00f3 algunos de los programas que se han podido llevar a cabo:<em><strong> &#8216;Pudimos gestionar el Programa Remediar para que venga a nuestro departamento, tambi\u00e9n el Programa del Minesterio de Seguridad que tiene como objetivo principal construir seguridad ciudadana&#8217;\u00a0<\/strong><\/em><\/p>\n<p><em><strong>&#8216;Estoy trabajando con la Sinf\u00f3nica Internacional para Ciegos, en poder traer talleres musicograf\u00eda en braille, estas herramientas me las ha brindado esta red, nos han preparado para ir a este encuentro&#8217;\u00a0<\/strong><\/em><\/p>\n<p>Tambi\u00e9n detall\u00f3 todo lo que se desarrollo en los diferentes ejes de la agenda: <em><strong>&#8216;Esto tiene que ver con los objetivos de desarrollo sostenible en el cual nuestro departamento esta adherido y lo trabajan bajo la Oficina de Cooperaci\u00f3n Internacional, en el primer panel trabajamos acerca del manejo de la gesti\u00f3n del agua&#8217;\u00a0<\/strong><\/em><\/p>\n<p><em><strong>&#8216;El panel n\u00famero dos estuvo representado por el deporte, este fue el que mas me gusto, fue muy importante porque todo esto va acompa\u00f1ado de materiales para fomentar el deporte&#8217;<\/strong><\/em><\/p>\n<p>Finalmente el \u00faltimo panel fue acerca de la fomentaci\u00f3n de las exportaciones locales: <em><strong>&#8216;Estuvimos con representantes de Argentina de la comisi\u00f3n economica, de Am\u00e9rica Latina y el Caribe, todos ellos nos mostraron el programa FONCAM&#8217;\u00a0<\/strong><\/em><\/p>\n<p>&nbsp;<\/p>\n","protected":false},"excerpt":{"rendered":"<p>La concejal por el Frente de Todos, Hebe Katzer, habl\u00f3 acerca de su viaje a Villa Martelli (Buenos Aires) donde particip\u00f3 &#8230;<\/p>\n","protected":false},"author":7,"featured_media":116076,"comment_status":"open","ping_status":"open","sticky":false,"template":"","format":"standard","meta":{"footnotes":""},"categories":[5,7],"tags":[],"class_list":["post-116075","post","type-post","status-publish","format-standard","has-post-thumbnail","hentry","category-actualidad","category-politica"],"_links":{"self":[{"href":"https:\/\/vinasfm.com\/noticias\/wp-json\/wp\/v2\/posts\/116075","targetHints":{"allow":["GET"]}}],"collection":[{"href":"https:\/\/vinasfm.com\/noticias\/wp-json\/wp\/v2\/posts"}],"about":[{"href":"https:\/\/vinasfm.com\/noticias\/wp-json\/wp\/v2\/types\/post"}],"author":[{"embeddable":true,"href":"https:\/\/vinasfm.com\/noticias\/wp-json\/wp\/v2\/users\/7"}],"replies":[{"embeddable":true,"href":"https:\/\/vinasfm.com\/noticias\/wp-json\/wp\/v2\/comments?post=116075"}],"version-history":[{"count":1,"href":"https:\/\/vinasfm.com\/noticias\/wp-json\/wp\/v2\/posts\/116075\/revisions"}],"predecessor-version":[{"id":116077,"href":"https:\/\/vinasfm.com\/noticias\/wp-json\/wp\/v2\/posts\/116075\/revisions\/116077"}],"wp:featuredmedia":[{"embeddable":true,"href":"https:\/\/vinasfm.com\/noticias\/wp-json\/wp\/v2\/media\/116076"}],"wp:attachment":[{"href":"https:\/\/vinasfm.com\/noticias\/wp-json\/wp\/v2\/media?parent=116075"}],"wp:term":[{"taxonomy":"category","embeddable":true,"href":"https:\/\/vinasfm.com\/noticias\/wp-json\/wp\/v2\/categories?post=116075"},{"taxonomy":"post_tag","embeddable":true,"href":"https:\/\/vinasfm.com\/noticias\/wp-json\/wp\/v2\/tags?post=116075"}],"curies":[{"name":"wp","href":"https:\/\/api.w.org\/{rel}","templated":true}]}}