{"id":116070,"date":"2022-11-19T11:29:22","date_gmt":"2022-11-19T14:29:22","guid":{"rendered":"http:\/\/vinasfm.com\/noticias\/?p=116070"},"modified":"2022-11-21T08:04:48","modified_gmt":"2022-11-21T11:04:48","slug":"todo-listo-para-el-festival-de-juan-bautista-bairoletto","status":"publish","type":"post","link":"https:\/\/vinasfm.com\/noticias\/todo-listo-para-el-festival-de-juan-bautista-bairoletto\/","title":{"rendered":"TODO LISTO PARA EL FESTIVAL DE JUAN BAUTISTA BAIROLETTO"},"content":{"rendered":"<h4><strong>El Delegado de Carmensa Pablo Roa invit\u00f3 a participar del Festival Juan Bautista Bairoletto, que tendr\u00e1 lugar el pr\u00f3ximo domingo 20 de noviembre en el predio de los festejos patronales.<\/strong><\/h4>\n<p>En el marco del Festival Juan Bautista Bairoletto, se llevar\u00e1 a cabo el cierre anual de los talleres municipales que se dictan en el Distrito. Habr\u00e1 stand desde las 9hs, tambi\u00e9n, destrezas criollas, puestos de artesanos y comidas t\u00edpicas.<\/p>\n<p><strong><em>&#8216;Para el cierre del evento se har\u00e1 la entrega de premios correspondientes a las destrezas criollas, entrega de certificados a talleristas y habr\u00e1 espect\u00e1culos en vivo&#8217;<\/em><\/strong>, concluy\u00f3 el funcionario.<\/p>\n","protected":false},"excerpt":{"rendered":"<p>El Delegado de Carmensa Pablo Roa invit\u00f3 a participar del Festival Juan Bautista Bairoletto, que tendr\u00e1 lugar el pr\u00f3ximo domingo 20 &#8230;<\/p>\n","protected":false},"author":7,"featured_media":116071,"comment_status":"open","ping_status":"open","sticky":false,"template":"","format":"standard","meta":{"footnotes":""},"categories":[1],"tags":[],"class_list":["post-116070","post","type-post","status-publish","format-standard","has-post-thumbnail","hentry","category-fmvinas"],"_links":{"self":[{"href":"https:\/\/vinasfm.com\/noticias\/wp-json\/wp\/v2\/posts\/116070","targetHints":{"allow":["GET"]}}],"collection":[{"href":"https:\/\/vinasfm.com\/noticias\/wp-json\/wp\/v2\/posts"}],"about":[{"href":"https:\/\/vinasfm.com\/noticias\/wp-json\/wp\/v2\/types\/post"}],"author":[{"embeddable":true,"href":"https:\/\/vinasfm.com\/noticias\/wp-json\/wp\/v2\/users\/7"}],"replies":[{"embeddable":true,"href":"https:\/\/vinasfm.com\/noticias\/wp-json\/wp\/v2\/comments?post=116070"}],"version-history":[{"count":1,"href":"https:\/\/vinasfm.com\/noticias\/wp-json\/wp\/v2\/posts\/116070\/revisions"}],"predecessor-version":[{"id":116072,"href":"https:\/\/vinasfm.com\/noticias\/wp-json\/wp\/v2\/posts\/116070\/revisions\/116072"}],"wp:featuredmedia":[{"embeddable":true,"href":"https:\/\/vinasfm.com\/noticias\/wp-json\/wp\/v2\/media\/116071"}],"wp:attachment":[{"href":"https:\/\/vinasfm.com\/noticias\/wp-json\/wp\/v2\/media?parent=116070"}],"wp:term":[{"taxonomy":"category","embeddable":true,"href":"https:\/\/vinasfm.com\/noticias\/wp-json\/wp\/v2\/categories?post=116070"},{"taxonomy":"post_tag","embeddable":true,"href":"https:\/\/vinasfm.com\/noticias\/wp-json\/wp\/v2\/tags?post=116070"}],"curies":[{"name":"wp","href":"https:\/\/api.w.org\/{rel}","templated":true}]}}