{"id":116066,"date":"2022-11-19T11:27:15","date_gmt":"2022-11-19T14:27:15","guid":{"rendered":"http:\/\/vinasfm.com\/noticias\/?p=116066"},"modified":"2022-11-21T08:55:32","modified_gmt":"2022-11-21T11:55:32","slug":"alvear-se-llena-de-deporte","status":"publish","type":"post","link":"https:\/\/vinasfm.com\/noticias\/alvear-se-llena-de-deporte\/","title":{"rendered":"ALVEAR SE LLENA DE DEPORTE"},"content":{"rendered":"<h4><strong>El Subdirector de Deportes Marcos Sevilla convoc\u00f3 a los eventos deportivos del fin de semana: Torneo de Mini V\u00f3ley, Duatl\u00f3n y la Marat\u00f3n de Nado Solidario de los Tiburones del Atuel.<\/strong><\/h4>\n<p>El s\u00e1bado 19 de noviembre, de 10 a 13hs, se realizar\u00e1 un Encuentro de Mini V\u00f3ley en el Polideportivo Deportistas Alvearenses: <strong><em>&#8216;Habr\u00e1 250 chicos en total, de 6 a 13 a\u00f1os, del Departamento, tambi\u00e9n vendr\u00e1n chicos de San Rafael y Villa Atuel&#8217;<\/em><\/strong> indic\u00f3 Sevilla.<\/p>\n<p><a href=\"http:\/\/vinasfm.com\/noticias\/wp-content\/uploads\/2022\/11\/Encuentro-Mini-Voley.jpeg\"><img loading=\"lazy\" decoding=\"async\" class=\"wp-image-116067 aligncenter\" src=\"http:\/\/vinasfm.com\/noticias\/wp-content\/uploads\/2022\/11\/Encuentro-Mini-Voley.jpeg\" alt=\"\" width=\"576\" height=\"598\" srcset=\"https:\/\/vinasfm.com\/noticias\/wp-content\/uploads\/2022\/11\/Encuentro-Mini-Voley.jpeg 1232w, https:\/\/vinasfm.com\/noticias\/wp-content\/uploads\/2022\/11\/Encuentro-Mini-Voley-289x300.jpeg 289w, https:\/\/vinasfm.com\/noticias\/wp-content\/uploads\/2022\/11\/Encuentro-Mini-Voley-986x1024.jpeg 986w, https:\/\/vinasfm.com\/noticias\/wp-content\/uploads\/2022\/11\/Encuentro-Mini-Voley-768x798.jpeg 768w\" sizes=\"auto, (max-width: 576px) 100vw, 576px\" \/><\/a><\/p>\n<p>El s\u00e1bado y el domingo se va a realizar un Torneo de B\u00e1squet en el Polideportivo Deportistas Alvearenses, comenzar\u00e1 a las 17hs, para la categor\u00eda U13: <strong><em>&#8216;El domingo vienen 500 chicos de diferentes puntos del Departamento, de la Provincia y de San Luis&#8217;.<\/em><\/strong><\/p>\n<p>Tambi\u00e9n, el s\u00e1bado se va desarrollar una nueva edici\u00f3n de la Marat\u00f3n Solidaria de los Tiburones del Atuel, en conjunto con el Colegio San Mart\u00edn, la Asesor\u00eda de Discapacidad y la Direcci\u00f3n de Deportes, Actividad F\u00edsica y Recreaci\u00f3n, de 9 a 21hs: <em><strong>&#8216;Es un evento solidario de nado continuo, que adem\u00e1s cuenta con shows de m\u00fasica en vivo, obras de teatro, y nado a ciegas&#8217;.<\/strong><\/em><\/p>\n<p>El domingo 20 de noviembre, se llevar\u00e1 adelante un Duatl\u00f3n que tendr\u00e1 como punto de partida la Costanera Alvear: <strong><em>&#8216;Con mucha expectativa desde la Direcci\u00f3n de Deportes porque es la primera vez que lo organiza. Comprende un inicio en Costanera Alvear corriendo 5km, 20km en bici en El Trapal y culmina con 2,5km corriendo hasta llegar a Costanera Alvear. \u00c9stas son las distancias para la categor\u00eda competitiva, promocionales: 2,5km, 10km y 2,5km, puede ser individual o en postas&#8217;.<\/em><\/strong><\/p>\n<p><a href=\"http:\/\/vinasfm.com\/noticias\/wp-content\/uploads\/2022\/11\/Duatlon.jpeg\"><img loading=\"lazy\" decoding=\"async\" class=\"wp-image-116068 aligncenter\" src=\"http:\/\/vinasfm.com\/noticias\/wp-content\/uploads\/2022\/11\/Duatlon.jpeg\" alt=\"\" width=\"576\" height=\"674\" srcset=\"https:\/\/vinasfm.com\/noticias\/wp-content\/uploads\/2022\/11\/Duatlon.jpeg 1051w, https:\/\/vinasfm.com\/noticias\/wp-content\/uploads\/2022\/11\/Duatlon-257x300.jpeg 257w, https:\/\/vinasfm.com\/noticias\/wp-content\/uploads\/2022\/11\/Duatlon-876x1024.jpeg 876w, https:\/\/vinasfm.com\/noticias\/wp-content\/uploads\/2022\/11\/Duatlon-768x898.jpeg 768w\" sizes=\"auto, (max-width: 576px) 100vw, 576px\" \/><\/a><\/p>\n<p>Las inscripciones on line se pueden realizar en el siguiente link, donde tambi\u00e9n encontrar\u00e1n informaci\u00f3n:\u00a0<a href=\"http:\/\/duatlon.alvearmendoza.gob.ar\/\" target=\"_blank\" rel=\"noopener\" data-saferedirecturl=\"https:\/\/www.google.com\/url?q=http:\/\/duatlon.alvearmendoza.gob.ar&amp;source=gmail&amp;ust=1668954222222000&amp;usg=AOvVaw2nR0knNbxpvK8MwNp7Bis2\">duatlon.alvearmendoza.gob.ar<\/a>\u00a0. El valor de la inscripci\u00f3n es de $2000 para postas, $1000 individuales. El retiro de kit puede hacerse el s\u00e1bado 19 de noviembre en el Polideportivo Deportistas Alvearenses, de 14 a 18hs, y el domingo 20 de noviembre en Costanera Alvear, de 8 a 9:45hs. Adem\u00e1s, habr\u00e1 premios aleg\u00f3ricos por categor\u00edas, hasta el tercer puesto.<\/p>\n","protected":false},"excerpt":{"rendered":"<p>El Subdirector de Deportes Marcos Sevilla convoc\u00f3 a los eventos deportivos del fin de semana: Torneo de Mini V\u00f3ley, Duatl\u00f3n y &#8230;<\/p>\n","protected":false},"author":7,"featured_media":16987,"comment_status":"open","ping_status":"open","sticky":false,"template":"","format":"standard","meta":{"footnotes":""},"categories":[5,3],"tags":[],"class_list":["post-116066","post","type-post","status-publish","format-standard","has-post-thumbnail","hentry","category-actualidad","category-deportes"],"_links":{"self":[{"href":"https:\/\/vinasfm.com\/noticias\/wp-json\/wp\/v2\/posts\/116066","targetHints":{"allow":["GET"]}}],"collection":[{"href":"https:\/\/vinasfm.com\/noticias\/wp-json\/wp\/v2\/posts"}],"about":[{"href":"https:\/\/vinasfm.com\/noticias\/wp-json\/wp\/v2\/types\/post"}],"author":[{"embeddable":true,"href":"https:\/\/vinasfm.com\/noticias\/wp-json\/wp\/v2\/users\/7"}],"replies":[{"embeddable":true,"href":"https:\/\/vinasfm.com\/noticias\/wp-json\/wp\/v2\/comments?post=116066"}],"version-history":[{"count":1,"href":"https:\/\/vinasfm.com\/noticias\/wp-json\/wp\/v2\/posts\/116066\/revisions"}],"predecessor-version":[{"id":116069,"href":"https:\/\/vinasfm.com\/noticias\/wp-json\/wp\/v2\/posts\/116066\/revisions\/116069"}],"wp:featuredmedia":[{"embeddable":true,"href":"https:\/\/vinasfm.com\/noticias\/wp-json\/wp\/v2\/media\/16987"}],"wp:attachment":[{"href":"https:\/\/vinasfm.com\/noticias\/wp-json\/wp\/v2\/media?parent=116066"}],"wp:term":[{"taxonomy":"category","embeddable":true,"href":"https:\/\/vinasfm.com\/noticias\/wp-json\/wp\/v2\/categories?post=116066"},{"taxonomy":"post_tag","embeddable":true,"href":"https:\/\/vinasfm.com\/noticias\/wp-json\/wp\/v2\/tags?post=116066"}],"curies":[{"name":"wp","href":"https:\/\/api.w.org\/{rel}","templated":true}]}}