{"id":116062,"date":"2022-11-18T12:04:09","date_gmt":"2022-11-18T15:04:09","guid":{"rendered":"http:\/\/vinasfm.com\/noticias\/?p=116062"},"modified":"2022-11-18T12:04:09","modified_gmt":"2022-11-18T15:04:09","slug":"alerta-amarilla-por-tormentas-con-granizo","status":"publish","type":"post","link":"https:\/\/vinasfm.com\/noticias\/alerta-amarilla-por-tormentas-con-granizo\/","title":{"rendered":"ALERTA AMARILLA POR TORMENTAS CON GRANIZO"},"content":{"rendered":"<h4><strong>Desde el organismo provincial alertaron por la ocurrencia de tormentas con ocasional ca\u00edda de granizo en gran parte de Mendoza y emitieron una serie de recomendaciones a fin de disminuir los riesgos que puede provocar la situaci\u00f3n meteorol\u00f3gica.<\/strong><\/h4>\n<p>El\u00a0<strong>pron\u00f3stico\u00a0<\/strong>para este viernes\u00a0indica que se registrar\u00e1n\u00a0temperaturas elevadas\u00a0y vientos leves del sudeste.\u00a0Desde el\u00a0<strong>Servicio Meteorol\u00f3gico Nacional (SMN)<\/strong>\u00a0anunciaron que la jornada estar\u00e1 marcada por la inestabilidad y\u00a0<strong>Defensa\u00a0Civil<\/strong>\u00a0de Mendoza emiti\u00f3 una\u00a0<strong>alerta\u00a0amarilla<\/strong>\u00a0debido a la probabilidad de\u00a0<strong>tormentas<\/strong>\u00a0con ocasional ca\u00edda de\u00a0granizo\u00a0que afectar\u00e1n gran parte del territorio provincial.<\/p>\n<p>El comunicado de\u00a0<strong>Defensa Civil<\/strong>\u00a0de la provincia de Mendoza\u00a0aclara que la jornada estar\u00e1 marcada por la probabilidad de ocurrencia de\u00a0<strong>tormentas<\/strong>, con precipitaciones en forma de lluvias y probable ca\u00edda de\u00a0<strong>granizo\u00a0<\/strong>que afectar\u00e1n principalmente los departamentos de San Rafael, General Alvear, La Paz, San Mart\u00edn, Santa Rosa, zona Este de Las Heras y Lavalle. Desde el organismo oficial no descartan que las\u00a0<strong>tormentas\u00a0<\/strong>puedan alcanzar otros sectores.<\/p>\n<p>Recomendaciones<\/p>\n<p>Desde el organismo provincial emitieron una serie de recomendaciones a fin de disminuir los riesgos que puede provocar la situaci\u00f3n meteorol\u00f3gica.<\/p>\n<ul>\n<li>Manejar con precauci\u00f3n a velocidad prudente, manteniendo la distancia con otros veh\u00edculos y respetando las se\u00f1ales de tr\u00e1nsito.\u00a0Hay que evitar manejar hablando por tel\u00e9fono y siempre llevar el cintur\u00f3n de seguridad colocado, tanto el conductor como todos los ocupantes del veh\u00edculo.<\/li>\n<li>No sobrepasar a otro autom\u00f3vil en presencia de doble l\u00ednea amarilla y circular siempre con las luces bajas encendidas.<\/li>\n<li>Controlar el estado de los neum\u00e1ticos, los frenos, el funcionamiento de las luces, direcci\u00f3n y la parte el\u00e9ctrica del autom\u00f3vil c\u00f3mo requisito imprescindible, ya que son componentes que aportan a la seguridad del veh\u00edculo.<\/li>\n<li>En la calle, buscar resguardo bajo un techo seguro. Alejarse de \u00e1rboles, cables y marquesinas. Evitar circular por calles inundadas.<\/li>\n<li>En el veh\u00edculo, buscar resguardo en zona segura e intentar detener la marcha en cuanto sea posible. Conducir con extrema precauci\u00f3n y con distancias entre veh\u00edculos y colocar las balizas al detenerse. Si observa el aumento del caudal de agua, detener y buscar ponerse a salvo. Evitar circular con su veh\u00edculo por calles anegadas.<\/li>\n<li>Revisar peri\u00f3dicamente el estado de techos, desag\u00fces y canaletas de desagote de agua. Deben limpiarse y verificar que se encuentren asegurados para no desprenderse.<\/li>\n<li>Retirar del exterior de la vivienda objetos que puedan ser arrastrados por el agua, poner especial atenci\u00f3n a envases con productos t\u00f3xicos (insecticidas, herbicidas, qu\u00edmicos para piscinas).<\/li>\n<li>No sacar la basura. Cerrar y asegurar las ventanas y puertas. Para disminuir el ingreso de agua a la vivienda. Utilizar calzado y evitar caminar descalzo, para no tener lesiones.<\/li>\n<li>Desconectar electrodom\u00e9sticos y otros artefactos de la red de energ\u00eda el\u00e9ctrica. Si se inunda la casa, cortar la energ\u00eda el\u00e9ctrica (t\u00e9rmicas, disyuntor o llave de corte general en\u00a0Off).<\/li>\n<li>Mantener a las mascotas en lugar protegido. Quedarse en casa\u00a0\u00a0y evitar circular innecesariamente por la v\u00eda p\u00fablica, especialmente en centros urbanos.<\/li>\n<li>Luego de que se retire el agua y cese la lluvia, higienizar la vivienda con una soluci\u00f3n de una taza de lavandina cada 15 litros de agua.<\/li>\n<\/ul>\n","protected":false},"excerpt":{"rendered":"<p>Desde el organismo provincial alertaron por la ocurrencia de tormentas con ocasional ca\u00edda de granizo en gran parte de Mendoza y &#8230;<\/p>\n","protected":false},"author":7,"featured_media":116063,"comment_status":"open","ping_status":"open","sticky":false,"template":"","format":"standard","meta":{"footnotes":""},"categories":[5,51],"tags":[],"class_list":["post-116062","post","type-post","status-publish","format-standard","has-post-thumbnail","hentry","category-actualidad","category-defensa-civil"],"_links":{"self":[{"href":"https:\/\/vinasfm.com\/noticias\/wp-json\/wp\/v2\/posts\/116062","targetHints":{"allow":["GET"]}}],"collection":[{"href":"https:\/\/vinasfm.com\/noticias\/wp-json\/wp\/v2\/posts"}],"about":[{"href":"https:\/\/vinasfm.com\/noticias\/wp-json\/wp\/v2\/types\/post"}],"author":[{"embeddable":true,"href":"https:\/\/vinasfm.com\/noticias\/wp-json\/wp\/v2\/users\/7"}],"replies":[{"embeddable":true,"href":"https:\/\/vinasfm.com\/noticias\/wp-json\/wp\/v2\/comments?post=116062"}],"version-history":[{"count":1,"href":"https:\/\/vinasfm.com\/noticias\/wp-json\/wp\/v2\/posts\/116062\/revisions"}],"predecessor-version":[{"id":116064,"href":"https:\/\/vinasfm.com\/noticias\/wp-json\/wp\/v2\/posts\/116062\/revisions\/116064"}],"wp:featuredmedia":[{"embeddable":true,"href":"https:\/\/vinasfm.com\/noticias\/wp-json\/wp\/v2\/media\/116063"}],"wp:attachment":[{"href":"https:\/\/vinasfm.com\/noticias\/wp-json\/wp\/v2\/media?parent=116062"}],"wp:term":[{"taxonomy":"category","embeddable":true,"href":"https:\/\/vinasfm.com\/noticias\/wp-json\/wp\/v2\/categories?post=116062"},{"taxonomy":"post_tag","embeddable":true,"href":"https:\/\/vinasfm.com\/noticias\/wp-json\/wp\/v2\/tags?post=116062"}],"curies":[{"name":"wp","href":"https:\/\/api.w.org\/{rel}","templated":true}]}}