{"id":116040,"date":"2022-11-18T08:21:09","date_gmt":"2022-11-18T11:21:09","guid":{"rendered":"http:\/\/vinasfm.com\/noticias\/?p=116040"},"modified":"2022-11-21T08:31:28","modified_gmt":"2022-11-21T11:31:28","slug":"suarez-firmo-el-aumento-de-tarifas-de-agua-luz-micros-y-taxis-cuanto-costaran","status":"publish","type":"post","link":"https:\/\/vinasfm.com\/noticias\/suarez-firmo-el-aumento-de-tarifas-de-agua-luz-micros-y-taxis-cuanto-costaran\/","title":{"rendered":"SU\u00c1REZ FIRM\u00d3 EL AUMENTO DE TARIFAS DE AGUA, LUZ, MICROS Y TAXIS: CUANTO COSTAR\u00c1N"},"content":{"rendered":"<h4><strong>Todos los incrementos de estos servicios fueron publicados en distintos decretos del Bolet\u00edn Oficial. C\u00f3mo se implementar\u00e1 cada una de las tarifas y desde cu\u00e1ndo regir\u00e1n.<\/strong><\/h4>\n<p>El gobernador<b> Rodolfo Su\u00e1rez<\/b> firm\u00f3 los decretos con los que determin\u00f3\u00a0<em><b>aumentos en las tarifas de micros, del servicio de agua potable, de la energ\u00eda el\u00e9ctrica y hasta de los taxis y remises de Mendoza<\/b>.<\/em><\/p>\n<p>Las medidas salieron publicadas este viernes en el\u00a0<b>Bolet\u00edn Oficial<\/b>, mediante lo<em>s<\/em> decretos 2116 (tarifa del agua), 2117 (tarifa de la luz), 2142 (boleto de micros) y 2143 (tarifa de taxis y remises), con incrementos que ya hab\u00edan sido solicitados y estudiados en diferentes audiencias p\u00fablicas.<\/p>\n<p>De esta manera, el Gobierno estableci\u00f3 las subas que hab\u00edan quedado \u201clistas\u201d s\u00f3lo a la espera de la firma del mandatario, que decidi\u00f3 en algunos casos que el aumento se implemente en tramos, como en el caso que ya hab\u00eda adelantado de los micros, en el cual el boleto tendr\u00e1 nuevos valores a partir de diciembre, y otros a mediados de enero.<\/p>\n<p><strong>BOLETO DE MICROS<\/strong><\/p>\n<p>Precisamente en lo que corresponde a la<em>\u00a0<b>tarifa de colectivo<\/b><\/em>, se aplicar\u00e1n\u00a0<em><b>dos aumentos<\/b><\/em>, que impactar\u00e1n en todo el\u00a0servicio P\u00fablico de Transporte Regular de Pasajeros del \u00e1rea metropolitana de Gran Mendoza\u00a0mediante \u00f3mnibus, incluido el\u00a0<em><b>Metrotranv\u00eda\u00a0<\/b><\/em>urbano.<\/p>\n<p>El primero ser\u00e1, seg\u00fan el decreto 2.142, el<b>\u00a0<em>1 de diciembre, que regir\u00e1 hasta el 14 de enero del 2023<\/em><\/b><em>.<\/em> All\u00ed se determin\u00f3 que el pasaje pasar\u00e1 de costar $40 (como lo es actualmente)\u00a0<b>a $60<\/b>, lo que corresponder\u00e1 un\u00a0<b>aumento del 50%<\/b>.<\/p>\n<p>En tanto, a partir del 15 de enero del 2023, la tarifa plana o general del transporte en micros\u00a0<em><b>costar\u00e1 $70 para los usuarios<\/b>.<\/em> De esta manera, se cerrar\u00e1 el\u00a0<b><em>incremento del 75%<\/em>\u00a0<\/b>en lo que corresponde a este servicio, compar\u00e1ndolo con el pasaje actual de $40.<\/p>\n<p>Es importante remarcar que\u00a0<em><b>seguir\u00e1n los pasajes gratuitos para el personal docente, celadores, bomberos voluntarios, mayores de 70 a\u00f1os y personas incluidas en las excepciones de la ley 7811.<\/b><\/em><\/p>\n<p>Hay que tener en cuenta que, seg\u00fan se determin\u00f3 en el<b>\u00a0art\u00edculo 4,<\/b>\u00a0la tarifa para el\u00a0<em><b>servicio p\u00fablico de transporte de pasajeros de la Media y Larga Distancia<\/b><\/em> en sus recorridos urbanos <strong><em>&#8216;ser\u00e1 igual a la tarifa general del transporte urbano \u00e1rea metropolitana del Gran Mendoza mediante \u00f3mnibus, debiendo adecuarse las tarifas para el resto de los recorridos manteniendo una proporci\u00f3n promedio similar\u00a0a la establecida para los recorridos urbanos&#8217;.<\/em><\/strong><\/p>\n<p>Todos los abonos mantendr\u00e1n los mismos tipos, cantidad de viajes y descuentos, vigentes a la fecha, sin perjuicio de aquellos beneficios que pudieran incorporarse en el futuro.<\/p>\n<p><strong>AUMENTO DEL AGUA<\/strong><\/p>\n<p>Con relaci\u00f3n a la tarifa del agua, se firm\u00f3 un aumento seg\u00fan el decreto 2116 en los valores tarifarios y precios del servicio p\u00fablico de provisi\u00f3n de agua potable y saneamiento prestados por Aysam, de un 35,5%, que comenzar\u00e1 a regir a partir de hoy.<\/p>\n<p>En tanto, tambi\u00e9n habr\u00e1<em>\u00a0<b>otro incremento, que se aplicar\u00e1 desde el 1 de enero del 2023, y ser\u00e1 del 24,38%<\/b><\/em>\u00a0sobre los valores vigentes a dicha fecha.<\/p>\n<p>De esta manera, se calcula una\u00a0<em><b>suba total que rondar\u00e1 el 60% de aumento<\/b>.<\/em><\/p>\n<p><strong>AUMENTO DE LA LUZ<\/strong><\/p>\n<p>El gobernador Su\u00e1rez tambi\u00e9n firm\u00f3 el aumento de la energ\u00eda el\u00e9ctrica, a trav\u00e9s del decreto 2117, en el cual instruy\u00f3 al Ente Provincial Regulador El\u00e9ctrico (EPRE) a <strong><em>&#8216;determinar y poner en vigencia los cuadros tarifarios propios de Valor Agregado de Distribuci\u00f3n (VAD Propio) de las concesionarias del servicio p\u00fablico de Distribuci\u00f3n de Energ\u00eda El\u00e9ctrica de la provincia de Mendoza&#8217;<\/em><\/strong>, seg\u00fan lo resuelto en la \u00faltima audiencia p\u00fablica.<\/p>\n<p>No obstante, tambi\u00e9n regir\u00e1 el incremento en lo que corresponde al costo de abastecimiento, que est\u00e1 determinado por la Secretar\u00eda de Energ\u00eda de la Naci\u00f3n, ya que tambi\u00e9n se dispusieron los nuevos precios estacionales de la energ\u00eda y la potencia.<\/p>\n<p>Teniendo en cuenta estas dos disposiciones (VAD m\u00e1s costo de abastecimiento) Para los usuarios finales, el impacto ser\u00e1, en promedio, del orden del 24% para los usuarios N1 (altos ingresos). En tanto, para los usuarios residenciales N2 (Bajos ingresos) y N3 (ingresos medios), el promedio de variaci\u00f3n ser\u00e1 del 12% y 15% respectivamente. Tambi\u00e9n es importante marcar que para los\u00a0Grandes Usuarios de las Distribuidoras(llamados GUDIs), habr\u00e1 una baja de la tarifa, que ser\u00e1 de un -5%.<\/p>\n","protected":false},"excerpt":{"rendered":"<p>Todos los incrementos de estos servicios fueron publicados en distintos decretos del Bolet\u00edn Oficial. C\u00f3mo se implementar\u00e1 cada una de las &#8230;<\/p>\n","protected":false},"author":7,"featured_media":116042,"comment_status":"open","ping_status":"open","sticky":false,"template":"","format":"standard","meta":{"footnotes":""},"categories":[5,169],"tags":[],"class_list":["post-116040","post","type-post","status-publish","format-standard","has-post-thumbnail","hentry","category-actualidad","category-aumentos"],"_links":{"self":[{"href":"https:\/\/vinasfm.com\/noticias\/wp-json\/wp\/v2\/posts\/116040","targetHints":{"allow":["GET"]}}],"collection":[{"href":"https:\/\/vinasfm.com\/noticias\/wp-json\/wp\/v2\/posts"}],"about":[{"href":"https:\/\/vinasfm.com\/noticias\/wp-json\/wp\/v2\/types\/post"}],"author":[{"embeddable":true,"href":"https:\/\/vinasfm.com\/noticias\/wp-json\/wp\/v2\/users\/7"}],"replies":[{"embeddable":true,"href":"https:\/\/vinasfm.com\/noticias\/wp-json\/wp\/v2\/comments?post=116040"}],"version-history":[{"count":1,"href":"https:\/\/vinasfm.com\/noticias\/wp-json\/wp\/v2\/posts\/116040\/revisions"}],"predecessor-version":[{"id":116043,"href":"https:\/\/vinasfm.com\/noticias\/wp-json\/wp\/v2\/posts\/116040\/revisions\/116043"}],"wp:featuredmedia":[{"embeddable":true,"href":"https:\/\/vinasfm.com\/noticias\/wp-json\/wp\/v2\/media\/116042"}],"wp:attachment":[{"href":"https:\/\/vinasfm.com\/noticias\/wp-json\/wp\/v2\/media?parent=116040"}],"wp:term":[{"taxonomy":"category","embeddable":true,"href":"https:\/\/vinasfm.com\/noticias\/wp-json\/wp\/v2\/categories?post=116040"},{"taxonomy":"post_tag","embeddable":true,"href":"https:\/\/vinasfm.com\/noticias\/wp-json\/wp\/v2\/tags?post=116040"}],"curies":[{"name":"wp","href":"https:\/\/api.w.org\/{rel}","templated":true}]}}