{"id":116024,"date":"2022-11-18T07:59:14","date_gmt":"2022-11-18T10:59:14","guid":{"rendered":"http:\/\/vinasfm.com\/noticias\/?p=116024"},"modified":"2022-11-21T08:05:45","modified_gmt":"2022-11-21T11:05:45","slug":"concluyo-el-ciclo-de-capacitaciones-alvear-impulsa","status":"publish","type":"post","link":"https:\/\/vinasfm.com\/noticias\/concluyo-el-ciclo-de-capacitaciones-alvear-impulsa\/","title":{"rendered":"CONCLUY\u00d3 EL CICLO DE CAPACITACIONES \u00abALVEAR IMPULSA\u00bb"},"content":{"rendered":"<h4><strong>Este jueves se realiz\u00f3 el segundo y \u00faltimo encuentro de \u201cAlvear Impulsa\u201d, que propone capacitaciones sobre Emprendimientos y Cooperativas, Emprendedurismo y nuevos paradigmas, Herramientas de empleo y Marketing Digital<\/strong><\/h4>\n<p>En el d\u00eda de ayer, el foco de las capacitaciones estuvo puesto sobre Cooperativismo, Asesoramiento Legal &#8211; Jur\u00eddico de las cooperativas. Habilitaci\u00f3n provincial, Formulaci\u00f3n y elaboraci\u00f3n de proyectos. En el d\u00eda de hoy las capacitaciones fueron dictadas por Paola Gim\u00e9nez, Recursos Humanos y Capacitaci\u00f3n de Cooperativas Escolares, y el Contador Ram\u00f3n Montenegro de la Direcci\u00f3n de Cooperativas de la Provincia. El Director de Desarrollo Econ\u00f3mico e Innovaci\u00f3n Marcos Caro indic\u00f3: &#8216;<em><strong>Personal de la Direcci\u00f3n de Cooperativas de la Provincia nos brind\u00f3 toda la informaci\u00f3n necesaria para formar una cooperativa. Particip\u00f3 mucha gente joven, de cooperativas locales hasta cooperativas escolares&#8217;.<\/strong><\/em><\/p>\n<p>Paola Gim\u00e9nez, de la Direcci\u00f3n de Cooperativas de Mendoza, manifest\u00f3: &#8216;<em><strong>Se busca capacitar a las personas para retomar el esp\u00edritu cooperativista en la Provincia, por eso apuntamos a las cooperativas escolares para que los chicos conozcan las bondades del movimiento cooperativo. Alvear cuenta con una larga historia de cooperativismo, Cecsagal es un ejemplo, Cospac tambi\u00e9n y Ugacoop, pero hab\u00edan muchas m\u00e1s cooperativas que se fueron perdiendo, por eso hay que retomarlo&#8217;<\/strong><\/em>.<\/p>\n<p>El Alvear Impulsa trata de un total de tres encuentros a cargo de profesionales de la UNCuyo y del Ministerio de Econom\u00eda de la Provincia. La innovadora actividad fue organizada por la UNCuyo, el Ministerio de Econom\u00eda y Energ\u00eda de Mendoza y la Municipalidad de General.<\/p>\n","protected":false},"excerpt":{"rendered":"<p>Este jueves se realiz\u00f3 el segundo y \u00faltimo encuentro de \u201cAlvear Impulsa\u201d, que propone capacitaciones sobre Emprendimientos y Cooperativas, Emprendedurismo y &#8230;<\/p>\n","protected":false},"author":7,"featured_media":116025,"comment_status":"open","ping_status":"open","sticky":false,"template":"","format":"standard","meta":{"footnotes":""},"categories":[5,10],"tags":[],"class_list":["post-116024","post","type-post","status-publish","format-standard","has-post-thumbnail","hentry","category-actualidad","category-destacadas"],"_links":{"self":[{"href":"https:\/\/vinasfm.com\/noticias\/wp-json\/wp\/v2\/posts\/116024","targetHints":{"allow":["GET"]}}],"collection":[{"href":"https:\/\/vinasfm.com\/noticias\/wp-json\/wp\/v2\/posts"}],"about":[{"href":"https:\/\/vinasfm.com\/noticias\/wp-json\/wp\/v2\/types\/post"}],"author":[{"embeddable":true,"href":"https:\/\/vinasfm.com\/noticias\/wp-json\/wp\/v2\/users\/7"}],"replies":[{"embeddable":true,"href":"https:\/\/vinasfm.com\/noticias\/wp-json\/wp\/v2\/comments?post=116024"}],"version-history":[{"count":3,"href":"https:\/\/vinasfm.com\/noticias\/wp-json\/wp\/v2\/posts\/116024\/revisions"}],"predecessor-version":[{"id":116039,"href":"https:\/\/vinasfm.com\/noticias\/wp-json\/wp\/v2\/posts\/116024\/revisions\/116039"}],"wp:featuredmedia":[{"embeddable":true,"href":"https:\/\/vinasfm.com\/noticias\/wp-json\/wp\/v2\/media\/116025"}],"wp:attachment":[{"href":"https:\/\/vinasfm.com\/noticias\/wp-json\/wp\/v2\/media?parent=116024"}],"wp:term":[{"taxonomy":"category","embeddable":true,"href":"https:\/\/vinasfm.com\/noticias\/wp-json\/wp\/v2\/categories?post=116024"},{"taxonomy":"post_tag","embeddable":true,"href":"https:\/\/vinasfm.com\/noticias\/wp-json\/wp\/v2\/tags?post=116024"}],"curies":[{"name":"wp","href":"https:\/\/api.w.org\/{rel}","templated":true}]}}